{"id":4695,"date":"2025-05-23T15:11:27","date_gmt":"2025-05-23T15:11:27","guid":{"rendered":"https:\/\/www.fondation-louisroederer.com\/?p=4695"},"modified":"2026-02-03T09:44:46","modified_gmt":"2026-02-03T09:44:46","slug":"la-semaine-de-la-critique-theodore-pellerin-laureat-du-prix-revelation-fondation-louis-roederer-2025","status":"publish","type":"post","link":"https:\/\/www.fondation-louisroederer.com\/en\/la-semaine-de-la-critique-theodore-pellerin-laureat-du-prix-revelation-fondation-louis-roederer-2025\/","title":{"rendered":"La Semaine de la Critique : Th\u00e9odore Pellerin, winner of the Louis Roederer Rising Star Award 2025"},"content":{"rendered":"\n        <header class=\"block-header\">\n\n      <img decoding=\"async\" width=\"2000\" height=\"900\" src=\"https:\/\/www.fondation-louisroederer.com\/wp-content\/uploads\/2025\/05\/Extrait-du-film-Nino-2.jpeg\" class=\"attachment-full size-full\" alt=\"fondation-louis-roederer-banner-film-nino\" srcset=\"https:\/\/www.fondation-louisroederer.com\/wp-content\/uploads\/2025\/05\/Extrait-du-film-Nino-2.jpeg 2000w, https:\/\/www.fondation-louisroederer.com\/wp-content\/uploads\/2025\/05\/Extrait-du-film-Nino-2-300x135.jpeg 300w, https:\/\/www.fondation-louisroederer.com\/wp-content\/uploads\/2025\/05\/Extrait-du-film-Nino-2-1024x461.jpeg 1024w, https:\/\/www.fondation-louisroederer.com\/wp-content\/uploads\/2025\/05\/Extrait-du-film-Nino-2-768x346.jpeg 768w, https:\/\/www.fondation-louisroederer.com\/wp-content\/uploads\/2025\/05\/Extrait-du-film-Nino-2-1536x691.jpeg 1536w\" sizes=\"(max-width: 2000px) 100vw, 2000px\" \/>        <div class=\"container \">\n          <div class=\"layout-pad-x \">\n            <h1 class=\"uppercase m-titre-t h2-inter\">La Semaine de la Critique : Th\u00e9odore Pellerin, winner of the Louis Roederer Rising Star Award 2025<\/h1>\n          <\/div>\n        <\/div>\n          <\/header>\n\n    <section class=\"block-titre-parag bg-white layout-pad-small-y  pb-small pt-small\">\n\n        <div class=\"container \">\n            <div class=\"layout-pad-x \">\n                <div class=\"w-50-desktop\">\n                                            <h2 class=\"h2-sm mb-1r\">22\/05\/2025 &#8211; Cannes<\/h2>\n                                    <\/div>\n\n                <div class=\"w-50-desktop\">\n                                                                        <div class=\"\">\n                                <p>The Louis Roederer Foundation, true to its desire to reveal emerging talent, has been involved alongside La Semaine de la Critique since 2018 through the Louis Roederer Foundation Rising Star Award. Given to an actor or actress from one of the seven feature films in competition, the aim of this Prize is to highlight a performer for one of their first film appearances or for a particularly outstanding role in their career.<\/p>\n                            <\/div>\n                                                                                        <\/div>\n            <\/div>\n        <\/div>\n\n\n\n    <\/section>\n\n\n  <section class=\"block-image-texte bg-white layout-pad-y \">\n                <div class=\"container\">\n        <div class=\"layout-pad-x flex-desktop \">\n          <div class=\"w-50-desktop\">\n                                          <img decoding=\"async\" width=\"1400\" height=\"932\" src=\"https:\/\/www.fondation-louisroederer.com\/wp-content\/uploads\/2025\/05\/Theodore-Pellerin-la-realisatrice-Pauline-Loques-et-Audrey-Bazin-\u00a9Capucine-Henry.jpg\" class=\"attachment-full size-full\" alt=\"fondation-louis-roederer-semaine-la-critique-photo-officielle-copyright-capucine-henry\" srcset=\"https:\/\/www.fondation-louisroederer.com\/wp-content\/uploads\/2025\/05\/Theodore-Pellerin-la-realisatrice-Pauline-Loques-et-Audrey-Bazin-\u00a9Capucine-Henry.jpg 1400w, https:\/\/www.fondation-louisroederer.com\/wp-content\/uploads\/2025\/05\/Theodore-Pellerin-la-realisatrice-Pauline-Loques-et-Audrey-Bazin-\u00a9Capucine-Henry-300x200.jpg 300w, https:\/\/www.fondation-louisroederer.com\/wp-content\/uploads\/2025\/05\/Theodore-Pellerin-la-realisatrice-Pauline-Loques-et-Audrey-Bazin-\u00a9Capucine-Henry-1024x682.jpg 1024w, https:\/\/www.fondation-louisroederer.com\/wp-content\/uploads\/2025\/05\/Theodore-Pellerin-la-realisatrice-Pauline-Loques-et-Audrey-Bazin-\u00a9Capucine-Henry-768x511.jpg 768w\" sizes=\"(max-width: 1400px) 100vw, 1400px\" \/>                                  <p class=\"credit-txt\">\u00a9 Capucine Henry<\/p>\n                                                    <\/div>\n\n          <div class=\"w-50-desktop block-image-texte--content\">\n            <div>\n                              <h2 class=\"font-sackers font-light uppercase h2-md mb-1r\">Louis Roederer Foundation Rising Star 2025<\/h2>\n                                            <p>The jury of the 64th Semaine de la Critique awarded the Louis Roederer Foundation Rising Star Award to <strong>Th\u00e9odore Pellerin<\/strong> for his role in <em><strong>Nino<\/strong> <\/em>by director <strong>Pauline Loqu\u00e8s<\/strong>.<\/p>\n<p><strong>Nino will be released in cinemas on 17 September 2025.<\/strong><\/p>\n                                        <\/div>\n\n          <\/div>\n        <\/div>\n\n      <\/div>\n\n    \n  <\/section>\n\n\n\n<section class=\"block-quote layout-pad-y   \">\n    <div class=\"container\">\n        <div class=\"layout-pad-x flex-desktop  full\">\n            <div class=\"quote-wrapper \">\n                                <div class=\"quote-content\">\n                                            <div class=\"quote-txt small center\"><p><em>Playing a role is one thing, bringing it to life is quite another. Th\u00e9odore Pellerin&#8217;s understated performance draws us into the depths of his character Nino. Th\u00e9odore restores all the majesty of Nino&#8217;s being, and that&#8217;s what cinema is all about.<\/em><\/p>\n<\/div>\n                                        <div class=\"quote-author no-img\">\n                                                <div class=\"quote-author-infos\">\n                                                            <p class=\"quote-author-name\">Audrey Bazin<\/p>\n                                                                                        <p class=\"quote-author-fonction\">Artistic director of the Louis Roederer Foundation<\/p>\n                                                    <\/div>\n                    <\/div>\n                <\/div>\n            <\/div>\n        <\/div>\n    <\/div>\n<\/section>\n\n\n    <section class=\"block-media bg-white layout-pad-y pt-small pb-small invert js-bg-scrolled bg-scrolled not-single-auteur\">\n    \n    <div class=\"container\">\n                <div class=\"layout-pad-x layout-pad-big-x\">\n                                                          <img decoding=\"async\" width=\"1504\" height=\"2048\" src=\"https:\/\/www.fondation-louisroederer.com\/wp-content\/uploads\/2025\/05\/Poster-Nino-scaled.jpg\" class=\"attachment-full size-full\" alt=\"semaine-de-la-critique-2025-affiche-film-nino\" srcset=\"https:\/\/www.fondation-louisroederer.com\/wp-content\/uploads\/2025\/05\/Poster-Nino-scaled.jpg 1504w, https:\/\/www.fondation-louisroederer.com\/wp-content\/uploads\/2025\/05\/Poster-Nino-220x300.jpg 220w, https:\/\/www.fondation-louisroederer.com\/wp-content\/uploads\/2025\/05\/Poster-Nino-752x1024.jpg 752w, https:\/\/www.fondation-louisroederer.com\/wp-content\/uploads\/2025\/05\/Poster-Nino-768x1046.jpg 768w, https:\/\/www.fondation-louisroederer.com\/wp-content\/uploads\/2025\/05\/Poster-Nino-1128x1536.jpg 1128w\" sizes=\"(max-width: 1504px) 100vw, 1504px\" \/>                                              <\/div>\n\n        <\/div>\n\n\n    <\/section>\n\n    <section class=\"block-titre-parag bg-white layout-pad-small-y  pb-small-xx pt-small\">\n\n        <div class=\"container \">\n            <div class=\"layout-pad-x \">\n                <div class=\"w-50-desktop\">\n                                            <h2 class=\"h2-sm mb-1r\">Synopsis<\/h2>\n                                    <\/div>\n\n                <div class=\"w-50-desktop\">\n                                                                        <div class=\"\">\n                                <p><em>Nino<\/em>, the first French feature film by director Pauline Loqu\u00e8s, had its world premiere at La Semaine de la Critique of the 2025 Cannes Film Festival. In this real-time chronicle, Pauline Loqu\u00e8s paints the portrait of a young man whose life is turned upside down on the eve of his birthday. In three days&#8217; time, Nino will have to face a major test. Between now and then, the doctors have given him two assignments. Two imperatives that will take the young man across Paris and force him to come to terms with others and with himself.<\/p>\n<p>The situation is critical but the film stills away from pathos, always seeking for the light even in the dark of the night. Quebec actor Th\u00e9odore Pellerin plays the luminous Nino. His natural grace shines throughout the film and on his partners.<\/p>\n                            <\/div>\n                                                                                        <\/div>\n            <\/div>\n        <\/div>\n\n\n\n    <\/section>\n\n\n\n<section class=\"block-quote layout-pad-y   \">\n    <div class=\"container\">\n        <div class=\"layout-pad-x flex-desktop  full\">\n            <div class=\"quote-wrapper \">\n                                <div class=\"quote-content\">\n                                            <div class=\"quote-txt small center\"><p><em>Pauline Loqu\u00e8s&#8217;s kind and caring way of looking at things revealed in me an acting style I didn&#8217;t know yet.<\/em><\/p>\n<\/div>\n                                        <div class=\"quote-author no-img\">\n                                                <div class=\"quote-author-infos\">\n                                                            <p class=\"quote-author-name\">Th\u00e9odore Pellerin<\/p>\n                                                                                        <p class=\"quote-author-fonction\">Actor<\/p>\n                                                    <\/div>\n                    <\/div>\n                <\/div>\n            <\/div>\n        <\/div>\n    <\/div>\n<\/section>\n\n\n    <section class=\"block-media bg-white layout-pad-y pt-small pb-small invert js-bg-scrolled bg-scrolled not-single-auteur\">\n    \n    <div class=\"container\">\n                <div class=\"layout-pad-x layout-pad-big-x\">\n                                                          <img decoding=\"async\" width=\"2048\" height=\"1363\" src=\"https:\/\/www.fondation-louisroederer.com\/wp-content\/uploads\/2025\/05\/Pauline-Loques-Thedore-Pellerin-\u00a9Capucine-Henry-scaled.jpg\" class=\"attachment-full size-full\" alt=\"fondation-louis-roederer-semaine-de-la-critique-2025-pauline-loques-theodore-pellerin-copyright-capucine-henry\" srcset=\"https:\/\/www.fondation-louisroederer.com\/wp-content\/uploads\/2025\/05\/Pauline-Loques-Thedore-Pellerin-\u00a9Capucine-Henry-scaled.jpg 2048w, https:\/\/www.fondation-louisroederer.com\/wp-content\/uploads\/2025\/05\/Pauline-Loques-Thedore-Pellerin-\u00a9Capucine-Henry-300x200.jpg 300w, https:\/\/www.fondation-louisroederer.com\/wp-content\/uploads\/2025\/05\/Pauline-Loques-Thedore-Pellerin-\u00a9Capucine-Henry-1024x682.jpg 1024w, https:\/\/www.fondation-louisroederer.com\/wp-content\/uploads\/2025\/05\/Pauline-Loques-Thedore-Pellerin-\u00a9Capucine-Henry-768x511.jpg 768w, https:\/\/www.fondation-louisroederer.com\/wp-content\/uploads\/2025\/05\/Pauline-Loques-Thedore-Pellerin-\u00a9Capucine-Henry-1536x1022.jpg 1536w\" sizes=\"(max-width: 2048px) 100vw, 2048px\" \/>                              <p class=\"credit-txt\">\u00a9 Capucine Henry<\/p>\n                                              <\/div>\n\n        <\/div>\n\n\n    <\/section>\n\n    <section class=\"block-titre-parag bg-white layout-pad-small-y  pb-small pt-small-xx\">\n\n        <div class=\"container \">\n            <div class=\"layout-pad-x  flex-desktop flex-col align-end\">\n                <div class=\"w-50-desktop\">\n                                            <h2 class=\"h2-sm mb-1r\">Biography<\/h2>\n                                    <\/div>\n\n                <div class=\"w-50-desktop\">\n                                                                        <div class=\"\">\n                                <p>Coming from an artistic background &#8211; a choreographer mother, a painter father &#8211;<strong> Th\u00e9odore Pellerin is one of the most promising faces in Quebec cinema<\/strong>. As a teenager, he made a name for himself in Quebec television series, most notably in <em>30 Vies<\/em>, where he played the character of Sammy Azoulay.<\/p>\n<p>After supporting roles in Philippe Lesage&#8217;s <em>Les D\u00e9mons<\/em> and Andr\u00e9 Turpin&#8217;s <em>Endorphine<\/em>, he made his mark in Xavier Dolan&#8217;s <em>Juste la fin du monde<\/em>.<\/p>\n<p>His career then took a decisive turn with his first major role in Sophie Dupuis&#8217; <em>Chien de garde<\/em>, for which he received the <em>Iris Award for Best Newcomer of the Year<\/em> (Canada&#8217;s equivalent of the C\u00e9sars).<\/p>\n<p><strong>As well as starring in films d&#8217;auteur, he opened up to international productions<\/strong>. In Hollywood, he starred opposite Nicole Kidman in <em>Boy Erased<\/em>. Staying true to his roots, he reunited with Sophie Dupuis for <em>Souterrain<\/em> in 2020, before branching out into different genres with the horror film <em>Killer<\/em> <em>Game<\/em> on Netflix. In 2022, he breaks new ground with <em>La D\u00e9rive des continents<\/em> (<em>in south<\/em>). In 2024, he shines in two major French productions (<em>Franklin, Becoming Karl<\/em>).<\/p>\n<p>Between dramatic intensity and unsettling elegance, Th\u00e9odore Pellerin stands out as a <strong>chameleon actor<\/strong>, capable of navigating continents, genres and eras with rare accuracy.<\/p>\n                            <\/div>\n                                                                                        <\/div>\n            <\/div>\n        <\/div>\n\n\n\n    <\/section>\n\n\n  <section class=\"block-image-texte bg-white layout-pad-y invert js-bg-scrolled bg-scrolled\">\n                <div class=\"container\">\n        <div class=\"layout-pad-x flex-desktop row-reverse\">\n          <div class=\"w-50-desktop\">\n                                          <img decoding=\"async\" width=\"2048\" height=\"1363\" src=\"https:\/\/www.fondation-louisroederer.com\/wp-content\/uploads\/2025\/05\/Jury-\u00a9Aurelie-Lamachere-scaled.jpg\" class=\"attachment-full size-full\" alt=\"fondation-louis-roederer-semaine-de-la-critique-2025-jury-copyright-aurelie-lamachere\" srcset=\"https:\/\/www.fondation-louisroederer.com\/wp-content\/uploads\/2025\/05\/Jury-\u00a9Aurelie-Lamachere-scaled.jpg 2048w, https:\/\/www.fondation-louisroederer.com\/wp-content\/uploads\/2025\/05\/Jury-\u00a9Aurelie-Lamachere-300x200.jpg 300w, https:\/\/www.fondation-louisroederer.com\/wp-content\/uploads\/2025\/05\/Jury-\u00a9Aurelie-Lamachere-1024x682.jpg 1024w, https:\/\/www.fondation-louisroederer.com\/wp-content\/uploads\/2025\/05\/Jury-\u00a9Aurelie-Lamachere-768x511.jpg 768w, https:\/\/www.fondation-louisroederer.com\/wp-content\/uploads\/2025\/05\/Jury-\u00a9Aurelie-Lamachere-1536x1022.jpg 1536w\" sizes=\"(max-width: 2048px) 100vw, 2048px\" \/>                                  <p class=\"credit-txt\">\u00a9 Aurelie Lamachere<\/p>\n                                                    <\/div>\n\n          <div class=\"w-50-desktop block-image-texte--content\">\n            <div>\n                              <h2 class=\"font-sackers font-light uppercase h2-md mb-1r\">2025 Jury<\/h2>\n                                            <p>The jury for the 64th edition of La Semaine de la Critique was chaired by Spanish director, screenwriter and producer <strong>Rodrigo Sorogoyen<\/strong>, accompanied by Moroccan journalist <strong>Jihane Bougrine<\/strong>, French-Canadian director of photography <strong>Jos\u00e9e Deshaies<\/strong>, Indonesian producer <strong>Yulia Evina Bhara<\/strong> and Oscar-winning British actor <strong>Daniel Kaluuya<\/strong>.<\/p>\n<p>&nbsp;<\/p>\n                                        <\/div>\n\n          <\/div>\n        <\/div>\n\n      <\/div>\n\n    \n  <\/section>\n\n\n  <section class=\"block-image-texte bg-white layout-pad-y \">\n                <div class=\"container\">\n        <div class=\"layout-pad-x flex-desktop \">\n          <div class=\"w-50-desktop\">\n                                          <img decoding=\"async\" width=\"1200\" height=\"801\" src=\"https:\/\/www.fondation-louisroederer.com\/wp-content\/uploads\/2025\/03\/Marcelo-Caetano-realisateur-de-Baby-laureat-Prix-Revelation-2024-et-son-equipe-\u00a9-Julia-Hervouin.jpg\" class=\"attachment-full size-full\" alt=\"Marcelo Caetano, r\u00e9alisateur de Baby, laur\u00e9at Prix R\u00e9v\u00e9lation 2024 et son \u00e9quipe \u00a9 Julia Hervouin\" srcset=\"https:\/\/www.fondation-louisroederer.com\/wp-content\/uploads\/2025\/03\/Marcelo-Caetano-realisateur-de-Baby-laureat-Prix-Revelation-2024-et-son-equipe-\u00a9-Julia-Hervouin.jpg 1200w, https:\/\/www.fondation-louisroederer.com\/wp-content\/uploads\/2025\/03\/Marcelo-Caetano-realisateur-de-Baby-laureat-Prix-Revelation-2024-et-son-equipe-\u00a9-Julia-Hervouin-300x200.jpg 300w, https:\/\/www.fondation-louisroederer.com\/wp-content\/uploads\/2025\/03\/Marcelo-Caetano-realisateur-de-Baby-laureat-Prix-Revelation-2024-et-son-equipe-\u00a9-Julia-Hervouin-1024x684.jpg 1024w, https:\/\/www.fondation-louisroederer.com\/wp-content\/uploads\/2025\/03\/Marcelo-Caetano-realisateur-de-Baby-laureat-Prix-Revelation-2024-et-son-equipe-\u00a9-Julia-Hervouin-768x513.jpg 768w\" sizes=\"(max-width: 1200px) 100vw, 1200px\" \/>                                  <p class=\"credit-txt\">\u00a9 Julia Hervouin<\/p>\n                                                    <\/div>\n\n          <div class=\"w-50-desktop block-image-texte--content\">\n            <div>\n                              <h2 class=\"font-sackers font-light uppercase h2-md mb-1r\">La Semaine de la Critique<\/h2>\n                                            <p>In 2018, the Louis Roederer Foundation, together with the Semaine de la Critique team, created the Louis Roederer Foundation Revelation Award, which rewards a young actress for the quality of their first appearances.<\/p>\n                                            <a class=\" button button-dark\" type=\"button\" href=\"https:\/\/www.fondation-louisroederer.com\/page-institution\/la-semaine-de-la-critique\/\" target=\"_self\">\n                  <span class=\"text-wrapper\">\n                    <span class=\"button-inner\">\n                      Discover more                    <\/span>\n                    <span class=\"button-inner\">\n                      Discover more                    <\/span>\n                  <\/span>\n                <\/a>\n                          <\/div>\n\n          <\/div>\n        <\/div>\n\n      <\/div>\n\n    \n  <\/section>\n","protected":false},"excerpt":{"rendered":"","protected":false},"author":8,"featured_media":4737,"comment_status":"closed","ping_status":"closed","sticky":false,"template":"","format":"standard","meta":{"_acf_changed":false,"footnotes":""},"categories":[1],"tags":[],"annee":[],"class_list":["post-4695","post","type-post","status-publish","format-standard","has-post-thumbnail","hentry","category-non-classifiee"],"acf":[],"yoast_head":"<!-- This site is optimized with the Yoast SEO plugin v26.9 - https:\/\/yoast.com\/product\/yoast-seo-wordpress\/ -->\n<title>La Semaine de la Critique : Th\u00e9odore Pellerin, winner of the Louis Roederer Rising Star Award 2025 - Fondation Louis Roederer<\/title>\n<meta name=\"description\" content=\"The jury of the 64th Semaine de la Critique awarded the Louis Roederer Foundation Rising Star Award to Th\u00e9odore Pellerin for his role in Nino by director Pauline Loqu\u00e8s.\" \/>\n<meta name=\"robots\" content=\"index, follow, max-snippet:-1, max-image-preview:large, max-video-preview:-1\" \/>\n<link rel=\"canonical\" href=\"https:\/\/www.fondation-louisroederer.com\/en\/la-semaine-de-la-critique-theodore-pellerin-laureat-du-prix-revelation-fondation-louis-roederer-2025\/\" \/>\n<meta property=\"og:locale\" content=\"en_US\" \/>\n<meta property=\"og:type\" content=\"article\" \/>\n<meta property=\"og:title\" content=\"La Semaine de la Critique : Th\u00e9odore Pellerin, winner of the Louis Roederer Rising Star Award 2025 - Fondation Louis Roederer\" \/>\n<meta property=\"og:description\" content=\"The jury of the 64th Semaine de la Critique awarded the Louis Roederer Foundation Rising Star Award to Th\u00e9odore Pellerin for his role in Nino by director Pauline Loqu\u00e8s.\" \/>\n<meta property=\"og:url\" content=\"https:\/\/www.fondation-louisroederer.com\/en\/la-semaine-de-la-critique-theodore-pellerin-laureat-du-prix-revelation-fondation-louis-roederer-2025\/\" \/>\n<meta property=\"og:site_name\" content=\"Fondation Louis Roederer\" \/>\n<meta property=\"article:published_time\" content=\"2025-05-23T15:11:27+00:00\" \/>\n<meta property=\"article:modified_time\" content=\"2026-02-03T09:44:46+00:00\" \/>\n<meta property=\"og:image\" content=\"https:\/\/www.fondation-louisroederer.com\/wp-content\/uploads\/2025\/05\/Extrait-du-film-Nino-1-scaled.jpeg\" \/>\n\t<meta property=\"og:image:width\" content=\"2048\" \/>\n\t<meta property=\"og:image:height\" content=\"1107\" \/>\n\t<meta property=\"og:image:type\" content=\"image\/jpeg\" \/>\n<meta name=\"author\" content=\"Camille Hellegouarch\" \/>\n<meta name=\"twitter:card\" content=\"summary_large_image\" \/>\n<meta name=\"twitter:label1\" content=\"Written by\" \/>\n\t<meta name=\"twitter:data1\" content=\"Camille Hellegouarch\" \/>\n\t<meta name=\"twitter:label2\" content=\"Est. reading time\" \/>\n\t<meta name=\"twitter:data2\" content=\"1 minute\" \/>\n<script type=\"application\/ld+json\" class=\"yoast-schema-graph\">{\"@context\":\"https:\/\/schema.org\",\"@graph\":[{\"@type\":\"Article\",\"@id\":\"https:\/\/www.fondation-louisroederer.com\/en\/la-semaine-de-la-critique-theodore-pellerin-laureat-du-prix-revelation-fondation-louis-roederer-2025\/#article\",\"isPartOf\":{\"@id\":\"https:\/\/www.fondation-louisroederer.com\/en\/la-semaine-de-la-critique-theodore-pellerin-laureat-du-prix-revelation-fondation-louis-roederer-2025\/\"},\"author\":{\"name\":\"Camille Hellegouarch\",\"@id\":\"https:\/\/www.fondation-louisroederer.com\/en\/#\/schema\/person\/7d249e1050bb1d5f301db17cdbb7dcba\"},\"headline\":\"La Semaine de la Critique : Th\u00e9odore Pellerin, winner of the Louis Roederer Rising Star Award 2025\",\"datePublished\":\"2025-05-23T15:11:27+00:00\",\"dateModified\":\"2026-02-03T09:44:46+00:00\",\"mainEntityOfPage\":{\"@id\":\"https:\/\/www.fondation-louisroederer.com\/en\/la-semaine-de-la-critique-theodore-pellerin-laureat-du-prix-revelation-fondation-louis-roederer-2025\/\"},\"wordCount\":16,\"publisher\":{\"@id\":\"https:\/\/www.fondation-louisroederer.com\/en\/#organization\"},\"image\":{\"@id\":\"https:\/\/www.fondation-louisroederer.com\/en\/la-semaine-de-la-critique-theodore-pellerin-laureat-du-prix-revelation-fondation-louis-roederer-2025\/#primaryimage\"},\"thumbnailUrl\":\"https:\/\/www.fondation-louisroederer.com\/wp-content\/uploads\/2025\/05\/Extrait-du-film-Nino-1-scaled.jpeg\",\"articleSection\":[\"Non classifi\u00e9(e)\"],\"inLanguage\":\"en-US\"},{\"@type\":\"WebPage\",\"@id\":\"https:\/\/www.fondation-louisroederer.com\/en\/la-semaine-de-la-critique-theodore-pellerin-laureat-du-prix-revelation-fondation-louis-roederer-2025\/\",\"url\":\"https:\/\/www.fondation-louisroederer.com\/en\/la-semaine-de-la-critique-theodore-pellerin-laureat-du-prix-revelation-fondation-louis-roederer-2025\/\",\"name\":\"La Semaine de la Critique : Th\u00e9odore Pellerin, winner of the Louis Roederer Rising Star Award 2025 - Fondation Louis Roederer\",\"isPartOf\":{\"@id\":\"https:\/\/www.fondation-louisroederer.com\/en\/#website\"},\"primaryImageOfPage\":{\"@id\":\"https:\/\/www.fondation-louisroederer.com\/en\/la-semaine-de-la-critique-theodore-pellerin-laureat-du-prix-revelation-fondation-louis-roederer-2025\/#primaryimage\"},\"image\":{\"@id\":\"https:\/\/www.fondation-louisroederer.com\/en\/la-semaine-de-la-critique-theodore-pellerin-laureat-du-prix-revelation-fondation-louis-roederer-2025\/#primaryimage\"},\"thumbnailUrl\":\"https:\/\/www.fondation-louisroederer.com\/wp-content\/uploads\/2025\/05\/Extrait-du-film-Nino-1-scaled.jpeg\",\"datePublished\":\"2025-05-23T15:11:27+00:00\",\"dateModified\":\"2026-02-03T09:44:46+00:00\",\"description\":\"The jury of the 64th Semaine de la Critique awarded the Louis Roederer Foundation Rising Star Award to Th\u00e9odore Pellerin for his role in Nino by director Pauline Loqu\u00e8s.\",\"breadcrumb\":{\"@id\":\"https:\/\/www.fondation-louisroederer.com\/en\/la-semaine-de-la-critique-theodore-pellerin-laureat-du-prix-revelation-fondation-louis-roederer-2025\/#breadcrumb\"},\"inLanguage\":\"en-US\",\"potentialAction\":[{\"@type\":\"ReadAction\",\"target\":[\"https:\/\/www.fondation-louisroederer.com\/en\/la-semaine-de-la-critique-theodore-pellerin-laureat-du-prix-revelation-fondation-louis-roederer-2025\/\"]}]},{\"@type\":\"ImageObject\",\"inLanguage\":\"en-US\",\"@id\":\"https:\/\/www.fondation-louisroederer.com\/en\/la-semaine-de-la-critique-theodore-pellerin-laureat-du-prix-revelation-fondation-louis-roederer-2025\/#primaryimage\",\"url\":\"https:\/\/www.fondation-louisroederer.com\/wp-content\/uploads\/2025\/05\/Extrait-du-film-Nino-1-scaled.jpeg\",\"contentUrl\":\"https:\/\/www.fondation-louisroederer.com\/wp-content\/uploads\/2025\/05\/Extrait-du-film-Nino-1-scaled.jpeg\",\"width\":2048,\"height\":1107,\"caption\":\"Semaine de la Critique 2025, Nino\"},{\"@type\":\"BreadcrumbList\",\"@id\":\"https:\/\/www.fondation-louisroederer.com\/en\/la-semaine-de-la-critique-theodore-pellerin-laureat-du-prix-revelation-fondation-louis-roederer-2025\/#breadcrumb\",\"itemListElement\":[{\"@type\":\"ListItem\",\"position\":1,\"name\":\"Home\",\"item\":\"https:\/\/www.fondation-louisroederer.com\/en\/\"},{\"@type\":\"ListItem\",\"position\":2,\"name\":\"La Semaine de la Critique : Th\u00e9odore Pellerin, winner of the Louis Roederer Rising Star Award 2025\"}]},{\"@type\":\"WebSite\",\"@id\":\"https:\/\/www.fondation-louisroederer.com\/en\/#website\",\"url\":\"https:\/\/www.fondation-louisroederer.com\/en\/\",\"name\":\"Fondation Louis Roederer\",\"description\":\"\",\"publisher\":{\"@id\":\"https:\/\/www.fondation-louisroederer.com\/en\/#organization\"},\"potentialAction\":[{\"@type\":\"SearchAction\",\"target\":{\"@type\":\"EntryPoint\",\"urlTemplate\":\"https:\/\/www.fondation-louisroederer.com\/en\/?s={search_term_string}\"},\"query-input\":{\"@type\":\"PropertyValueSpecification\",\"valueRequired\":true,\"valueName\":\"search_term_string\"}}],\"inLanguage\":\"en-US\"},{\"@type\":\"Organization\",\"@id\":\"https:\/\/www.fondation-louisroederer.com\/en\/#organization\",\"name\":\"Fondation Louis Roederer\",\"url\":\"https:\/\/www.fondation-louisroederer.com\/en\/\",\"logo\":{\"@type\":\"ImageObject\",\"inLanguage\":\"en-US\",\"@id\":\"https:\/\/www.fondation-louisroederer.com\/en\/#\/schema\/logo\/image\/\",\"url\":\"https:\/\/www.fondation-louisroederer.com\/wp-content\/uploads\/2024\/10\/logo.svg\",\"contentUrl\":\"https:\/\/www.fondation-louisroederer.com\/wp-content\/uploads\/2024\/10\/logo.svg\",\"width\":301,\"height\":72,\"caption\":\"Fondation Louis Roederer\"},\"image\":{\"@id\":\"https:\/\/www.fondation-louisroederer.com\/en\/#\/schema\/logo\/image\/\"}},{\"@type\":\"Person\",\"@id\":\"https:\/\/www.fondation-louisroederer.com\/en\/#\/schema\/person\/7d249e1050bb1d5f301db17cdbb7dcba\",\"name\":\"Camille Hellegouarch\",\"image\":{\"@type\":\"ImageObject\",\"inLanguage\":\"en-US\",\"@id\":\"https:\/\/www.fondation-louisroederer.com\/en\/#\/schema\/person\/image\/\",\"url\":\"https:\/\/secure.gravatar.com\/avatar\/bc711eb1fc7949dfd2eacee26f55f0a1f7929cf1fcc6415c20b317546f2b9ec1?s=96&d=mm&r=g\",\"contentUrl\":\"https:\/\/secure.gravatar.com\/avatar\/bc711eb1fc7949dfd2eacee26f55f0a1f7929cf1fcc6415c20b317546f2b9ec1?s=96&d=mm&r=g\",\"caption\":\"Camille Hellegouarch\"},\"sameAs\":[\"https:\/\/flr.projet-client.com\/\"],\"url\":\"https:\/\/www.fondation-louisroederer.com\/en\/author\/camille-hellegouarch\/\"}]}<\/script>\n<!-- \/ Yoast SEO plugin. -->","yoast_head_json":{"title":"La Semaine de la Critique : Th\u00e9odore Pellerin, winner of the Louis Roederer Rising Star Award 2025 - Fondation Louis Roederer","description":"The jury of the 64th Semaine de la Critique awarded the Louis Roederer Foundation Rising Star Award to Th\u00e9odore Pellerin for his role in Nino by director Pauline Loqu\u00e8s.","robots":{"index":"index","follow":"follow","max-snippet":"max-snippet:-1","max-image-preview":"max-image-preview:large","max-video-preview":"max-video-preview:-1"},"canonical":"https:\/\/www.fondation-louisroederer.com\/en\/la-semaine-de-la-critique-theodore-pellerin-laureat-du-prix-revelation-fondation-louis-roederer-2025\/","og_locale":"en_US","og_type":"article","og_title":"La Semaine de la Critique : Th\u00e9odore Pellerin, winner of the Louis Roederer Rising Star Award 2025 - Fondation Louis Roederer","og_description":"The jury of the 64th Semaine de la Critique awarded the Louis Roederer Foundation Rising Star Award to Th\u00e9odore Pellerin for his role in Nino by director Pauline Loqu\u00e8s.","og_url":"https:\/\/www.fondation-louisroederer.com\/en\/la-semaine-de-la-critique-theodore-pellerin-laureat-du-prix-revelation-fondation-louis-roederer-2025\/","og_site_name":"Fondation Louis Roederer","article_published_time":"2025-05-23T15:11:27+00:00","article_modified_time":"2026-02-03T09:44:46+00:00","og_image":[{"width":2048,"height":1107,"url":"https:\/\/www.fondation-louisroederer.com\/wp-content\/uploads\/2025\/05\/Extrait-du-film-Nino-1-scaled.jpeg","type":"image\/jpeg"}],"author":"Camille Hellegouarch","twitter_card":"summary_large_image","twitter_misc":{"Written by":"Camille Hellegouarch","Est. reading time":"1 minute"},"schema":{"@context":"https:\/\/schema.org","@graph":[{"@type":"Article","@id":"https:\/\/www.fondation-louisroederer.com\/en\/la-semaine-de-la-critique-theodore-pellerin-laureat-du-prix-revelation-fondation-louis-roederer-2025\/#article","isPartOf":{"@id":"https:\/\/www.fondation-louisroederer.com\/en\/la-semaine-de-la-critique-theodore-pellerin-laureat-du-prix-revelation-fondation-louis-roederer-2025\/"},"author":{"name":"Camille Hellegouarch","@id":"https:\/\/www.fondation-louisroederer.com\/en\/#\/schema\/person\/7d249e1050bb1d5f301db17cdbb7dcba"},"headline":"La Semaine de la Critique : Th\u00e9odore Pellerin, winner of the Louis Roederer Rising Star Award 2025","datePublished":"2025-05-23T15:11:27+00:00","dateModified":"2026-02-03T09:44:46+00:00","mainEntityOfPage":{"@id":"https:\/\/www.fondation-louisroederer.com\/en\/la-semaine-de-la-critique-theodore-pellerin-laureat-du-prix-revelation-fondation-louis-roederer-2025\/"},"wordCount":16,"publisher":{"@id":"https:\/\/www.fondation-louisroederer.com\/en\/#organization"},"image":{"@id":"https:\/\/www.fondation-louisroederer.com\/en\/la-semaine-de-la-critique-theodore-pellerin-laureat-du-prix-revelation-fondation-louis-roederer-2025\/#primaryimage"},"thumbnailUrl":"https:\/\/www.fondation-louisroederer.com\/wp-content\/uploads\/2025\/05\/Extrait-du-film-Nino-1-scaled.jpeg","articleSection":["Non classifi\u00e9(e)"],"inLanguage":"en-US"},{"@type":"WebPage","@id":"https:\/\/www.fondation-louisroederer.com\/en\/la-semaine-de-la-critique-theodore-pellerin-laureat-du-prix-revelation-fondation-louis-roederer-2025\/","url":"https:\/\/www.fondation-louisroederer.com\/en\/la-semaine-de-la-critique-theodore-pellerin-laureat-du-prix-revelation-fondation-louis-roederer-2025\/","name":"La Semaine de la Critique : Th\u00e9odore Pellerin, winner of the Louis Roederer Rising Star Award 2025 - Fondation Louis Roederer","isPartOf":{"@id":"https:\/\/www.fondation-louisroederer.com\/en\/#website"},"primaryImageOfPage":{"@id":"https:\/\/www.fondation-louisroederer.com\/en\/la-semaine-de-la-critique-theodore-pellerin-laureat-du-prix-revelation-fondation-louis-roederer-2025\/#primaryimage"},"image":{"@id":"https:\/\/www.fondation-louisroederer.com\/en\/la-semaine-de-la-critique-theodore-pellerin-laureat-du-prix-revelation-fondation-louis-roederer-2025\/#primaryimage"},"thumbnailUrl":"https:\/\/www.fondation-louisroederer.com\/wp-content\/uploads\/2025\/05\/Extrait-du-film-Nino-1-scaled.jpeg","datePublished":"2025-05-23T15:11:27+00:00","dateModified":"2026-02-03T09:44:46+00:00","description":"The jury of the 64th Semaine de la Critique awarded the Louis Roederer Foundation Rising Star Award to Th\u00e9odore Pellerin for his role in Nino by director Pauline Loqu\u00e8s.","breadcrumb":{"@id":"https:\/\/www.fondation-louisroederer.com\/en\/la-semaine-de-la-critique-theodore-pellerin-laureat-du-prix-revelation-fondation-louis-roederer-2025\/#breadcrumb"},"inLanguage":"en-US","potentialAction":[{"@type":"ReadAction","target":["https:\/\/www.fondation-louisroederer.com\/en\/la-semaine-de-la-critique-theodore-pellerin-laureat-du-prix-revelation-fondation-louis-roederer-2025\/"]}]},{"@type":"ImageObject","inLanguage":"en-US","@id":"https:\/\/www.fondation-louisroederer.com\/en\/la-semaine-de-la-critique-theodore-pellerin-laureat-du-prix-revelation-fondation-louis-roederer-2025\/#primaryimage","url":"https:\/\/www.fondation-louisroederer.com\/wp-content\/uploads\/2025\/05\/Extrait-du-film-Nino-1-scaled.jpeg","contentUrl":"https:\/\/www.fondation-louisroederer.com\/wp-content\/uploads\/2025\/05\/Extrait-du-film-Nino-1-scaled.jpeg","width":2048,"height":1107,"caption":"Semaine de la Critique 2025, Nino"},{"@type":"BreadcrumbList","@id":"https:\/\/www.fondation-louisroederer.com\/en\/la-semaine-de-la-critique-theodore-pellerin-laureat-du-prix-revelation-fondation-louis-roederer-2025\/#breadcrumb","itemListElement":[{"@type":"ListItem","position":1,"name":"Home","item":"https:\/\/www.fondation-louisroederer.com\/en\/"},{"@type":"ListItem","position":2,"name":"La Semaine de la Critique : Th\u00e9odore Pellerin, winner of the Louis Roederer Rising Star Award 2025"}]},{"@type":"WebSite","@id":"https:\/\/www.fondation-louisroederer.com\/en\/#website","url":"https:\/\/www.fondation-louisroederer.com\/en\/","name":"Fondation Louis Roederer","description":"","publisher":{"@id":"https:\/\/www.fondation-louisroederer.com\/en\/#organization"},"potentialAction":[{"@type":"SearchAction","target":{"@type":"EntryPoint","urlTemplate":"https:\/\/www.fondation-louisroederer.com\/en\/?s={search_term_string}"},"query-input":{"@type":"PropertyValueSpecification","valueRequired":true,"valueName":"search_term_string"}}],"inLanguage":"en-US"},{"@type":"Organization","@id":"https:\/\/www.fondation-louisroederer.com\/en\/#organization","name":"Fondation Louis Roederer","url":"https:\/\/www.fondation-louisroederer.com\/en\/","logo":{"@type":"ImageObject","inLanguage":"en-US","@id":"https:\/\/www.fondation-louisroederer.com\/en\/#\/schema\/logo\/image\/","url":"https:\/\/www.fondation-louisroederer.com\/wp-content\/uploads\/2024\/10\/logo.svg","contentUrl":"https:\/\/www.fondation-louisroederer.com\/wp-content\/uploads\/2024\/10\/logo.svg","width":301,"height":72,"caption":"Fondation Louis Roederer"},"image":{"@id":"https:\/\/www.fondation-louisroederer.com\/en\/#\/schema\/logo\/image\/"}},{"@type":"Person","@id":"https:\/\/www.fondation-louisroederer.com\/en\/#\/schema\/person\/7d249e1050bb1d5f301db17cdbb7dcba","name":"Camille Hellegouarch","image":{"@type":"ImageObject","inLanguage":"en-US","@id":"https:\/\/www.fondation-louisroederer.com\/en\/#\/schema\/person\/image\/","url":"https:\/\/secure.gravatar.com\/avatar\/bc711eb1fc7949dfd2eacee26f55f0a1f7929cf1fcc6415c20b317546f2b9ec1?s=96&d=mm&r=g","contentUrl":"https:\/\/secure.gravatar.com\/avatar\/bc711eb1fc7949dfd2eacee26f55f0a1f7929cf1fcc6415c20b317546f2b9ec1?s=96&d=mm&r=g","caption":"Camille Hellegouarch"},"sameAs":["https:\/\/flr.projet-client.com\/"],"url":"https:\/\/www.fondation-louisroederer.com\/en\/author\/camille-hellegouarch\/"}]}},"_links":{"self":[{"href":"https:\/\/www.fondation-louisroederer.com\/en\/wp-json\/wp\/v2\/posts\/4695","targetHints":{"allow":["GET"]}}],"collection":[{"href":"https:\/\/www.fondation-louisroederer.com\/en\/wp-json\/wp\/v2\/posts"}],"about":[{"href":"https:\/\/www.fondation-louisroederer.com\/en\/wp-json\/wp\/v2\/types\/post"}],"author":[{"embeddable":true,"href":"https:\/\/www.fondation-louisroederer.com\/en\/wp-json\/wp\/v2\/users\/8"}],"replies":[{"embeddable":true,"href":"https:\/\/www.fondation-louisroederer.com\/en\/wp-json\/wp\/v2\/comments?post=4695"}],"version-history":[{"count":11,"href":"https:\/\/www.fondation-louisroederer.com\/en\/wp-json\/wp\/v2\/posts\/4695\/revisions"}],"predecessor-version":[{"id":4757,"href":"https:\/\/www.fondation-louisroederer.com\/en\/wp-json\/wp\/v2\/posts\/4695\/revisions\/4757"}],"wp:featuredmedia":[{"embeddable":true,"href":"https:\/\/www.fondation-louisroederer.com\/en\/wp-json\/wp\/v2\/media\/4737"}],"wp:attachment":[{"href":"https:\/\/www.fondation-louisroederer.com\/en\/wp-json\/wp\/v2\/media?parent=4695"}],"wp:term":[{"taxonomy":"category","embeddable":true,"href":"https:\/\/www.fondation-louisroederer.com\/en\/wp-json\/wp\/v2\/categories?post=4695"},{"taxonomy":"post_tag","embeddable":true,"href":"https:\/\/www.fondation-louisroederer.com\/en\/wp-json\/wp\/v2\/tags?post=4695"},{"taxonomy":"annee","embeddable":true,"href":"https:\/\/www.fondation-louisroederer.com\/en\/wp-json\/wp\/v2\/annee?post=4695"}],"curies":[{"name":"wp","href":"https:\/\/api.w.org\/{rel}","templated":true}]}}