{"id":5667,"date":"2015-04-10T14:36:00","date_gmt":"2015-04-10T14:36:00","guid":{"rendered":"https:\/\/www.fondation-louisroederer.com\/?p=5667"},"modified":"2025-07-07T14:56:39","modified_gmt":"2025-07-07T14:56:39","slug":"exhibition-icones-americaines-at-the-grand-palais","status":"publish","type":"post","link":"https:\/\/www.fondation-louisroederer.com\/en\/exhibition-icones-americaines-at-the-grand-palais\/","title":{"rendered":"Exhibition Icones Am\u00e9ricaines at the Grand Palais"},"content":{"rendered":"\n<p><\/p>\n\n\n\n        <header class=\"block-header\">\n\n              <div class=\"container \">\n          <div class=\"layout-pad-x \">\n            <h1 class=\"uppercase m-titre-t h2-lg\">Exhibition Icones Am\u00e9ricaines at the Grand Palais<\/h1>\n          <\/div>\n        <\/div>\n          <\/header>\n\n    <section class=\"block-titre-parag bg-white layout-pad-small-y  pb-small pt-small\">\n\n        <div class=\"container \">\n            <div class=\"layout-pad-x \">\n                <div class=\"w-50-desktop\">\n                                            <h2 class=\"h2-sm mb-1r\">10\/04\/2015<\/h2>\n                                    <\/div>\n\n                <div class=\"w-50-desktop\">\n                                                                        <div class=\"\">\n                                <p>We are Californian by adoption. Forty years ago, life and a little talent in spotting the right terroir led us to create an exciting vineyard called Roederer Estate to the north of San Francisco in Anderson Valley.<\/p>\n                            <\/div>\n                                                                                        <\/div>\n            <\/div>\n        <\/div>\n\n\n\n    <\/section>\n\n\n  <section class=\"block-image-texte bg-white layout-pad-y \">\n                <div class=\"container\">\n        <div class=\"layout-pad-x flex-desktop \">\n          <div class=\"w-50-desktop\">\n                                          <img decoding=\"async\" width=\"994\" height=\"680\" src=\"https:\/\/www.fondation-louisroederer.com\/wp-content\/uploads\/2025\/07\/fondation-louis-roederer-grand-palais-icones-americaines.jpg\" class=\"attachment-full size-full\" alt=\"fondaito\" srcset=\"https:\/\/www.fondation-louisroederer.com\/wp-content\/uploads\/2025\/07\/fondation-louis-roederer-grand-palais-icones-americaines.jpg 994w, https:\/\/www.fondation-louisroederer.com\/wp-content\/uploads\/2025\/07\/fondation-louis-roederer-grand-palais-icones-americaines-300x205.jpg 300w, https:\/\/www.fondation-louisroederer.com\/wp-content\/uploads\/2025\/07\/fondation-louis-roederer-grand-palais-icones-americaines-768x525.jpg 768w\" sizes=\"(max-width: 994px) 100vw, 994px\" \/>                                  <p class=\"credit-txt\">Exposition Ic\u00f4nes Am\u00e9ricaines, sc\u00e9nographie Bill Katz et Nicolas Adam \u00a9 Rmn-Grand Palais \/ photo Fran\u00e7ois Tomasi<\/p>\n                                                    <\/div>\n\n          <div class=\"w-50-desktop block-image-texte--content\">\n            <div>\n                                            <p>San Francisco is one of our passions. We miss San Francisco. So, when our friends at the Grand Palais told us about their fabulous idea to welcome the most beautiful works of art from the SFMOMA and the Fisher collection, the opportunity was too hard to resist. It was fabulous too because it was the occasion to pay tribute to the fantastic San Franciscan museum, to celebrate the splendour of its art and the intelligence of its choices.<\/p>\n                                        <\/div>\n\n          <\/div>\n        <\/div>\n\n      <\/div>\n\n    \n  <\/section>\n\n\n    <section class=\"block-titre-parag bg-white layout-pad-small-y invert js-bg-scrolled bg-scrolled pb-small pt-small\">\n\n        <div class=\"container \">\n            <div class=\"layout-pad-x  center-paragraph\">\n                <div class=\"center-paragraph--inner\">\n                                    <\/div>\n\n                <div class=\"center-paragraph--inner\">\n                                                                        <div class=\"\">\n                                <p style=\"text-align: center;\">Plus, we often have the feeling that we French, we Europeans, never experience enough of the richness of American contemporary art, the proliferation of work, the rare power of its personalities.<\/p>\n<p style=\"text-align: center;\">The Grand Palais is worthy of SFMOMA&#8217;s friendship and trust so keenly demonstrated by this loan. The Louis Roederer Foundation is delighted to once again share in such rare, privileged moments&#8230;<\/p>\n                            <\/div>\n                                                                                        <\/div>\n            <\/div>\n        <\/div>\n\n\n\n    <\/section>\n\n\n  <section class=\"block-image-texte bg-white layout-pad-y \">\n                <div class=\"container\">\n        <div class=\"layout-pad-x flex-desktop row-reverse\">\n          <div class=\"w-50-desktop\">\n                                          <img decoding=\"async\" width=\"1021\" height=\"671\" src=\"https:\/\/www.fondation-louisroederer.com\/wp-content\/uploads\/2025\/07\/fondation-louis-roederer-exposition-icones-americaines-grand-palais.jpg\" class=\"attachment-full size-full\" alt=\"fondation-louis-roederer-exposition-icones-americaines-grand-palais\" srcset=\"https:\/\/www.fondation-louisroederer.com\/wp-content\/uploads\/2025\/07\/fondation-louis-roederer-exposition-icones-americaines-grand-palais.jpg 1021w, https:\/\/www.fondation-louisroederer.com\/wp-content\/uploads\/2025\/07\/fondation-louis-roederer-exposition-icones-americaines-grand-palais-300x197.jpg 300w, https:\/\/www.fondation-louisroederer.com\/wp-content\/uploads\/2025\/07\/fondation-louis-roederer-exposition-icones-americaines-grand-palais-768x505.jpg 768w\" sizes=\"(max-width: 1021px) 100vw, 1021px\" \/>                                  <p class=\"credit-txt\">Exposition Ic\u00f4nes Am\u00e9ricaines, sc\u00e9nographie Bill Katz et Nicolas Adam \u00a9 Rmn-Grand Palais \/ photo Fran\u00e7ois Tomasi<\/p>\n                                                    <\/div>\n\n          <div class=\"w-50-desktop block-image-texte--content\">\n            <div>\n                                            <p><strong>Ic\u00f4nes am\u00e9ricaines<\/strong>, masterworks from the SFMOMA and the Fisher Collection, will be displayed <strong>from April 8, 2015 to June 22, 2015<\/strong> at the Grand Palais, Paris.<\/p>\n                                        <\/div>\n\n          <\/div>\n        <\/div>\n\n      <\/div>\n\n    \n  <\/section>\n","protected":false},"excerpt":{"rendered":"","protected":false},"author":8,"featured_media":5658,"comment_status":"closed","ping_status":"closed","sticky":false,"template":"","format":"standard","meta":{"_acf_changed":false,"footnotes":""},"categories":[1],"tags":[],"annee":[121],"class_list":["post-5667","post","type-post","status-publish","format-standard","has-post-thumbnail","hentry","category-non-classifiee","annee-121"],"acf":[],"yoast_head":"<!-- This site is optimized with the Yoast SEO plugin v26.9 - https:\/\/yoast.com\/product\/yoast-seo-wordpress\/ -->\n<title>Exhibition Icones Am\u00e9ricaines at the Grand Palais - Fondation Louis Roederer<\/title>\n<meta name=\"robots\" content=\"index, follow, max-snippet:-1, max-image-preview:large, max-video-preview:-1\" \/>\n<link rel=\"canonical\" href=\"https:\/\/www.fondation-louisroederer.com\/en\/exhibition-icones-americaines-at-the-grand-palais\/\" \/>\n<meta property=\"og:locale\" content=\"en_US\" \/>\n<meta property=\"og:type\" content=\"article\" \/>\n<meta property=\"og:title\" content=\"Exhibition Icones Am\u00e9ricaines at the Grand Palais - Fondation Louis Roederer\" \/>\n<meta property=\"og:url\" content=\"https:\/\/www.fondation-louisroederer.com\/en\/exhibition-icones-americaines-at-the-grand-palais\/\" \/>\n<meta property=\"og:site_name\" content=\"Fondation Louis Roederer\" \/>\n<meta property=\"article:published_time\" content=\"2015-04-10T14:36:00+00:00\" \/>\n<meta property=\"article:modified_time\" content=\"2025-07-07T14:56:39+00:00\" \/>\n<meta property=\"og:image\" content=\"https:\/\/www.fondation-louisroederer.com\/wp-content\/uploads\/2025\/07\/fondation-louis-roederer-exposition-icones-americaines-grand-palais.jpg\" \/>\n\t<meta property=\"og:image:width\" content=\"1021\" \/>\n\t<meta property=\"og:image:height\" content=\"671\" \/>\n\t<meta property=\"og:image:type\" content=\"image\/jpeg\" \/>\n<meta name=\"author\" content=\"Camille Hellegouarch\" \/>\n<meta name=\"twitter:card\" content=\"summary_large_image\" \/>\n<meta name=\"twitter:label1\" content=\"Written by\" \/>\n\t<meta name=\"twitter:data1\" content=\"Camille Hellegouarch\" \/>\n\t<meta name=\"twitter:label2\" content=\"Est. reading time\" \/>\n\t<meta name=\"twitter:data2\" content=\"1 minute\" \/>\n<script type=\"application\/ld+json\" class=\"yoast-schema-graph\">{\"@context\":\"https:\/\/schema.org\",\"@graph\":[{\"@type\":\"Article\",\"@id\":\"https:\/\/www.fondation-louisroederer.com\/en\/exhibition-icones-americaines-at-the-grand-palais\/#article\",\"isPartOf\":{\"@id\":\"https:\/\/www.fondation-louisroederer.com\/en\/exhibition-icones-americaines-at-the-grand-palais\/\"},\"author\":{\"name\":\"Camille Hellegouarch\",\"@id\":\"https:\/\/www.fondation-louisroederer.com\/en\/#\/schema\/person\/7d249e1050bb1d5f301db17cdbb7dcba\"},\"headline\":\"Exhibition Icones Am\u00e9ricaines at the Grand Palais\",\"datePublished\":\"2015-04-10T14:36:00+00:00\",\"dateModified\":\"2025-07-07T14:56:39+00:00\",\"mainEntityOfPage\":{\"@id\":\"https:\/\/www.fondation-louisroederer.com\/en\/exhibition-icones-americaines-at-the-grand-palais\/\"},\"wordCount\":8,\"publisher\":{\"@id\":\"https:\/\/www.fondation-louisroederer.com\/en\/#organization\"},\"image\":{\"@id\":\"https:\/\/www.fondation-louisroederer.com\/en\/exhibition-icones-americaines-at-the-grand-palais\/#primaryimage\"},\"thumbnailUrl\":\"https:\/\/www.fondation-louisroederer.com\/wp-content\/uploads\/2025\/07\/fondation-louis-roederer-exposition-icones-americaines-grand-palais.jpg\",\"articleSection\":[\"Non classifi\u00e9(e)\"],\"inLanguage\":\"en-US\"},{\"@type\":\"WebPage\",\"@id\":\"https:\/\/www.fondation-louisroederer.com\/en\/exhibition-icones-americaines-at-the-grand-palais\/\",\"url\":\"https:\/\/www.fondation-louisroederer.com\/en\/exhibition-icones-americaines-at-the-grand-palais\/\",\"name\":\"Exhibition Icones Am\u00e9ricaines at the Grand Palais - Fondation Louis Roederer\",\"isPartOf\":{\"@id\":\"https:\/\/www.fondation-louisroederer.com\/en\/#website\"},\"primaryImageOfPage\":{\"@id\":\"https:\/\/www.fondation-louisroederer.com\/en\/exhibition-icones-americaines-at-the-grand-palais\/#primaryimage\"},\"image\":{\"@id\":\"https:\/\/www.fondation-louisroederer.com\/en\/exhibition-icones-americaines-at-the-grand-palais\/#primaryimage\"},\"thumbnailUrl\":\"https:\/\/www.fondation-louisroederer.com\/wp-content\/uploads\/2025\/07\/fondation-louis-roederer-exposition-icones-americaines-grand-palais.jpg\",\"datePublished\":\"2015-04-10T14:36:00+00:00\",\"dateModified\":\"2025-07-07T14:56:39+00:00\",\"breadcrumb\":{\"@id\":\"https:\/\/www.fondation-louisroederer.com\/en\/exhibition-icones-americaines-at-the-grand-palais\/#breadcrumb\"},\"inLanguage\":\"en-US\",\"potentialAction\":[{\"@type\":\"ReadAction\",\"target\":[\"https:\/\/www.fondation-louisroederer.com\/en\/exhibition-icones-americaines-at-the-grand-palais\/\"]}]},{\"@type\":\"ImageObject\",\"inLanguage\":\"en-US\",\"@id\":\"https:\/\/www.fondation-louisroederer.com\/en\/exhibition-icones-americaines-at-the-grand-palais\/#primaryimage\",\"url\":\"https:\/\/www.fondation-louisroederer.com\/wp-content\/uploads\/2025\/07\/fondation-louis-roederer-exposition-icones-americaines-grand-palais.jpg\",\"contentUrl\":\"https:\/\/www.fondation-louisroederer.com\/wp-content\/uploads\/2025\/07\/fondation-louis-roederer-exposition-icones-americaines-grand-palais.jpg\",\"width\":1021,\"height\":671,\"caption\":\"Grand Palais. Exposition Ic\u00f4nes Am\u00e9ricaines.\"},{\"@type\":\"BreadcrumbList\",\"@id\":\"https:\/\/www.fondation-louisroederer.com\/en\/exhibition-icones-americaines-at-the-grand-palais\/#breadcrumb\",\"itemListElement\":[{\"@type\":\"ListItem\",\"position\":1,\"name\":\"Home\",\"item\":\"https:\/\/www.fondation-louisroederer.com\/en\/\"},{\"@type\":\"ListItem\",\"position\":2,\"name\":\"Exhibition Icones Am\u00e9ricaines at the Grand Palais\"}]},{\"@type\":\"WebSite\",\"@id\":\"https:\/\/www.fondation-louisroederer.com\/en\/#website\",\"url\":\"https:\/\/www.fondation-louisroederer.com\/en\/\",\"name\":\"Fondation Louis Roederer\",\"description\":\"\",\"publisher\":{\"@id\":\"https:\/\/www.fondation-louisroederer.com\/en\/#organization\"},\"potentialAction\":[{\"@type\":\"SearchAction\",\"target\":{\"@type\":\"EntryPoint\",\"urlTemplate\":\"https:\/\/www.fondation-louisroederer.com\/en\/?s={search_term_string}\"},\"query-input\":{\"@type\":\"PropertyValueSpecification\",\"valueRequired\":true,\"valueName\":\"search_term_string\"}}],\"inLanguage\":\"en-US\"},{\"@type\":\"Organization\",\"@id\":\"https:\/\/www.fondation-louisroederer.com\/en\/#organization\",\"name\":\"Fondation Louis Roederer\",\"url\":\"https:\/\/www.fondation-louisroederer.com\/en\/\",\"logo\":{\"@type\":\"ImageObject\",\"inLanguage\":\"en-US\",\"@id\":\"https:\/\/www.fondation-louisroederer.com\/en\/#\/schema\/logo\/image\/\",\"url\":\"https:\/\/www.fondation-louisroederer.com\/wp-content\/uploads\/2024\/10\/logo.svg\",\"contentUrl\":\"https:\/\/www.fondation-louisroederer.com\/wp-content\/uploads\/2024\/10\/logo.svg\",\"width\":301,\"height\":72,\"caption\":\"Fondation Louis Roederer\"},\"image\":{\"@id\":\"https:\/\/www.fondation-louisroederer.com\/en\/#\/schema\/logo\/image\/\"}},{\"@type\":\"Person\",\"@id\":\"https:\/\/www.fondation-louisroederer.com\/en\/#\/schema\/person\/7d249e1050bb1d5f301db17cdbb7dcba\",\"name\":\"Camille Hellegouarch\",\"image\":{\"@type\":\"ImageObject\",\"inLanguage\":\"en-US\",\"@id\":\"https:\/\/www.fondation-louisroederer.com\/en\/#\/schema\/person\/image\/\",\"url\":\"https:\/\/secure.gravatar.com\/avatar\/bc711eb1fc7949dfd2eacee26f55f0a1f7929cf1fcc6415c20b317546f2b9ec1?s=96&d=mm&r=g\",\"contentUrl\":\"https:\/\/secure.gravatar.com\/avatar\/bc711eb1fc7949dfd2eacee26f55f0a1f7929cf1fcc6415c20b317546f2b9ec1?s=96&d=mm&r=g\",\"caption\":\"Camille Hellegouarch\"},\"sameAs\":[\"https:\/\/flr.projet-client.com\/\"],\"url\":\"https:\/\/www.fondation-louisroederer.com\/en\/author\/camille-hellegouarch\/\"}]}<\/script>\n<!-- \/ Yoast SEO plugin. -->","yoast_head_json":{"title":"Exhibition Icones Am\u00e9ricaines at the Grand Palais - Fondation Louis Roederer","robots":{"index":"index","follow":"follow","max-snippet":"max-snippet:-1","max-image-preview":"max-image-preview:large","max-video-preview":"max-video-preview:-1"},"canonical":"https:\/\/www.fondation-louisroederer.com\/en\/exhibition-icones-americaines-at-the-grand-palais\/","og_locale":"en_US","og_type":"article","og_title":"Exhibition Icones Am\u00e9ricaines at the Grand Palais - Fondation Louis Roederer","og_url":"https:\/\/www.fondation-louisroederer.com\/en\/exhibition-icones-americaines-at-the-grand-palais\/","og_site_name":"Fondation Louis Roederer","article_published_time":"2015-04-10T14:36:00+00:00","article_modified_time":"2025-07-07T14:56:39+00:00","og_image":[{"width":1021,"height":671,"url":"https:\/\/www.fondation-louisroederer.com\/wp-content\/uploads\/2025\/07\/fondation-louis-roederer-exposition-icones-americaines-grand-palais.jpg","type":"image\/jpeg"}],"author":"Camille Hellegouarch","twitter_card":"summary_large_image","twitter_misc":{"Written by":"Camille Hellegouarch","Est. reading time":"1 minute"},"schema":{"@context":"https:\/\/schema.org","@graph":[{"@type":"Article","@id":"https:\/\/www.fondation-louisroederer.com\/en\/exhibition-icones-americaines-at-the-grand-palais\/#article","isPartOf":{"@id":"https:\/\/www.fondation-louisroederer.com\/en\/exhibition-icones-americaines-at-the-grand-palais\/"},"author":{"name":"Camille Hellegouarch","@id":"https:\/\/www.fondation-louisroederer.com\/en\/#\/schema\/person\/7d249e1050bb1d5f301db17cdbb7dcba"},"headline":"Exhibition Icones Am\u00e9ricaines at the Grand Palais","datePublished":"2015-04-10T14:36:00+00:00","dateModified":"2025-07-07T14:56:39+00:00","mainEntityOfPage":{"@id":"https:\/\/www.fondation-louisroederer.com\/en\/exhibition-icones-americaines-at-the-grand-palais\/"},"wordCount":8,"publisher":{"@id":"https:\/\/www.fondation-louisroederer.com\/en\/#organization"},"image":{"@id":"https:\/\/www.fondation-louisroederer.com\/en\/exhibition-icones-americaines-at-the-grand-palais\/#primaryimage"},"thumbnailUrl":"https:\/\/www.fondation-louisroederer.com\/wp-content\/uploads\/2025\/07\/fondation-louis-roederer-exposition-icones-americaines-grand-palais.jpg","articleSection":["Non classifi\u00e9(e)"],"inLanguage":"en-US"},{"@type":"WebPage","@id":"https:\/\/www.fondation-louisroederer.com\/en\/exhibition-icones-americaines-at-the-grand-palais\/","url":"https:\/\/www.fondation-louisroederer.com\/en\/exhibition-icones-americaines-at-the-grand-palais\/","name":"Exhibition Icones Am\u00e9ricaines at the Grand Palais - Fondation Louis Roederer","isPartOf":{"@id":"https:\/\/www.fondation-louisroederer.com\/en\/#website"},"primaryImageOfPage":{"@id":"https:\/\/www.fondation-louisroederer.com\/en\/exhibition-icones-americaines-at-the-grand-palais\/#primaryimage"},"image":{"@id":"https:\/\/www.fondation-louisroederer.com\/en\/exhibition-icones-americaines-at-the-grand-palais\/#primaryimage"},"thumbnailUrl":"https:\/\/www.fondation-louisroederer.com\/wp-content\/uploads\/2025\/07\/fondation-louis-roederer-exposition-icones-americaines-grand-palais.jpg","datePublished":"2015-04-10T14:36:00+00:00","dateModified":"2025-07-07T14:56:39+00:00","breadcrumb":{"@id":"https:\/\/www.fondation-louisroederer.com\/en\/exhibition-icones-americaines-at-the-grand-palais\/#breadcrumb"},"inLanguage":"en-US","potentialAction":[{"@type":"ReadAction","target":["https:\/\/www.fondation-louisroederer.com\/en\/exhibition-icones-americaines-at-the-grand-palais\/"]}]},{"@type":"ImageObject","inLanguage":"en-US","@id":"https:\/\/www.fondation-louisroederer.com\/en\/exhibition-icones-americaines-at-the-grand-palais\/#primaryimage","url":"https:\/\/www.fondation-louisroederer.com\/wp-content\/uploads\/2025\/07\/fondation-louis-roederer-exposition-icones-americaines-grand-palais.jpg","contentUrl":"https:\/\/www.fondation-louisroederer.com\/wp-content\/uploads\/2025\/07\/fondation-louis-roederer-exposition-icones-americaines-grand-palais.jpg","width":1021,"height":671,"caption":"Grand Palais. Exposition Ic\u00f4nes Am\u00e9ricaines."},{"@type":"BreadcrumbList","@id":"https:\/\/www.fondation-louisroederer.com\/en\/exhibition-icones-americaines-at-the-grand-palais\/#breadcrumb","itemListElement":[{"@type":"ListItem","position":1,"name":"Home","item":"https:\/\/www.fondation-louisroederer.com\/en\/"},{"@type":"ListItem","position":2,"name":"Exhibition Icones Am\u00e9ricaines at the Grand Palais"}]},{"@type":"WebSite","@id":"https:\/\/www.fondation-louisroederer.com\/en\/#website","url":"https:\/\/www.fondation-louisroederer.com\/en\/","name":"Fondation Louis Roederer","description":"","publisher":{"@id":"https:\/\/www.fondation-louisroederer.com\/en\/#organization"},"potentialAction":[{"@type":"SearchAction","target":{"@type":"EntryPoint","urlTemplate":"https:\/\/www.fondation-louisroederer.com\/en\/?s={search_term_string}"},"query-input":{"@type":"PropertyValueSpecification","valueRequired":true,"valueName":"search_term_string"}}],"inLanguage":"en-US"},{"@type":"Organization","@id":"https:\/\/www.fondation-louisroederer.com\/en\/#organization","name":"Fondation Louis Roederer","url":"https:\/\/www.fondation-louisroederer.com\/en\/","logo":{"@type":"ImageObject","inLanguage":"en-US","@id":"https:\/\/www.fondation-louisroederer.com\/en\/#\/schema\/logo\/image\/","url":"https:\/\/www.fondation-louisroederer.com\/wp-content\/uploads\/2024\/10\/logo.svg","contentUrl":"https:\/\/www.fondation-louisroederer.com\/wp-content\/uploads\/2024\/10\/logo.svg","width":301,"height":72,"caption":"Fondation Louis Roederer"},"image":{"@id":"https:\/\/www.fondation-louisroederer.com\/en\/#\/schema\/logo\/image\/"}},{"@type":"Person","@id":"https:\/\/www.fondation-louisroederer.com\/en\/#\/schema\/person\/7d249e1050bb1d5f301db17cdbb7dcba","name":"Camille Hellegouarch","image":{"@type":"ImageObject","inLanguage":"en-US","@id":"https:\/\/www.fondation-louisroederer.com\/en\/#\/schema\/person\/image\/","url":"https:\/\/secure.gravatar.com\/avatar\/bc711eb1fc7949dfd2eacee26f55f0a1f7929cf1fcc6415c20b317546f2b9ec1?s=96&d=mm&r=g","contentUrl":"https:\/\/secure.gravatar.com\/avatar\/bc711eb1fc7949dfd2eacee26f55f0a1f7929cf1fcc6415c20b317546f2b9ec1?s=96&d=mm&r=g","caption":"Camille Hellegouarch"},"sameAs":["https:\/\/flr.projet-client.com\/"],"url":"https:\/\/www.fondation-louisroederer.com\/en\/author\/camille-hellegouarch\/"}]}},"_links":{"self":[{"href":"https:\/\/www.fondation-louisroederer.com\/en\/wp-json\/wp\/v2\/posts\/5667","targetHints":{"allow":["GET"]}}],"collection":[{"href":"https:\/\/www.fondation-louisroederer.com\/en\/wp-json\/wp\/v2\/posts"}],"about":[{"href":"https:\/\/www.fondation-louisroederer.com\/en\/wp-json\/wp\/v2\/types\/post"}],"author":[{"embeddable":true,"href":"https:\/\/www.fondation-louisroederer.com\/en\/wp-json\/wp\/v2\/users\/8"}],"replies":[{"embeddable":true,"href":"https:\/\/www.fondation-louisroederer.com\/en\/wp-json\/wp\/v2\/comments?post=5667"}],"version-history":[{"count":4,"href":"https:\/\/www.fondation-louisroederer.com\/en\/wp-json\/wp\/v2\/posts\/5667\/revisions"}],"predecessor-version":[{"id":5672,"href":"https:\/\/www.fondation-louisroederer.com\/en\/wp-json\/wp\/v2\/posts\/5667\/revisions\/5672"}],"wp:featuredmedia":[{"embeddable":true,"href":"https:\/\/www.fondation-louisroederer.com\/en\/wp-json\/wp\/v2\/media\/5658"}],"wp:attachment":[{"href":"https:\/\/www.fondation-louisroederer.com\/en\/wp-json\/wp\/v2\/media?parent=5667"}],"wp:term":[{"taxonomy":"category","embeddable":true,"href":"https:\/\/www.fondation-louisroederer.com\/en\/wp-json\/wp\/v2\/categories?post=5667"},{"taxonomy":"post_tag","embeddable":true,"href":"https:\/\/www.fondation-louisroederer.com\/en\/wp-json\/wp\/v2\/tags?post=5667"},{"taxonomy":"annee","embeddable":true,"href":"https:\/\/www.fondation-louisroederer.com\/en\/wp-json\/wp\/v2\/annee?post=5667"}],"curies":[{"name":"wp","href":"https:\/\/api.w.org\/{rel}","templated":true}]}}