{"id":5991,"date":"2025-07-15T15:14:34","date_gmt":"2025-07-15T15:14:34","guid":{"rendered":"https:\/\/www.fondation-louisroederer.com\/?p=5991"},"modified":"2026-02-03T09:24:25","modified_gmt":"2026-02-03T09:24:25","slug":"louis-roederer-foundation-discovery-award-2025","status":"publish","type":"post","link":"https:\/\/www.fondation-louisroederer.com\/en\/louis-roederer-foundation-discovery-award-2025\/","title":{"rendered":"Winners of the Louis Roederer Foundation Discovery Award 2025"},"content":{"rendered":"\n<p><\/p>\n\n\n\n        <header class=\"block-header\">\n\n      <img decoding=\"async\" width=\"2048\" height=\"922\" src=\"https:\/\/www.fondation-louisroederer.com\/wp-content\/uploads\/2025\/07\/Eulalie_PERNELET-1218-scaled-e1752661154466.jpg\" class=\"attachment-full size-full\" alt=\"fondation-louis-roederer-remise-de-prix-les-rencontres-de-la-photographie-arles-copyright-eulalie-pernelet\" srcset=\"https:\/\/www.fondation-louisroederer.com\/wp-content\/uploads\/2025\/07\/Eulalie_PERNELET-1218-scaled-e1752661154466.jpg 2048w, https:\/\/www.fondation-louisroederer.com\/wp-content\/uploads\/2025\/07\/Eulalie_PERNELET-1218-scaled-e1752661154466-300x135.jpg 300w, https:\/\/www.fondation-louisroederer.com\/wp-content\/uploads\/2025\/07\/Eulalie_PERNELET-1218-scaled-e1752661154466-1024x461.jpg 1024w, https:\/\/www.fondation-louisroederer.com\/wp-content\/uploads\/2025\/07\/Eulalie_PERNELET-1218-scaled-e1752661154466-768x346.jpg 768w, https:\/\/www.fondation-louisroederer.com\/wp-content\/uploads\/2025\/07\/Eulalie_PERNELET-1218-scaled-e1752661154466-1536x692.jpg 1536w\" sizes=\"(max-width: 2048px) 100vw, 2048px\" \/>          <div class=\"container\">\n            <div class=\"layout-pad-x\">\n              <p class=\"credit-txt\">\u00a9 Eulalie Pernelet<\/p>\n            <\/div>\n          <\/div>\n                <div class=\"container \">\n          <div class=\"layout-pad-x \">\n            <h1 class=\"uppercase m-titre-t h2-lg\">Winners of the Louis Roederer Foundation Discovery Award 2025<\/h1>\n          <\/div>\n        <\/div>\n          <\/header>\n\n    <section class=\"block-titre-parag bg-white layout-pad-small-y  pb-small pt-small\">\n\n        <div class=\"container \">\n            <div class=\"layout-pad-x \">\n                <div class=\"w-50-desktop\">\n                                            <h2 class=\"h2-sm mb-1r\">11\/07\/2025 &#8211; Arles<\/h2>\n                                    <\/div>\n\n                <div class=\"w-50-desktop\">\n                                                                        <div class=\"\">\n                                <p>The Louis Roederer Foundation has been supporting the <strong>Rencontres de la photographie in Arles<\/strong> for more than seven years, and fervently shares the festival&#8217;s desire to promote photography and those involved in it. The Louis Roederer Foundation Discovery Award is the symbol of this shared commitment.<\/p>\n<p>Once again this year, the seven shortlisted projects will be considered as a single exhibition, conceived from selection to hanging by curator <strong>C\u00e9sar Gonz\u00e1lez-Aguirre<\/strong>.<\/p>\n<p>The work of the winning artists and finalists, Octavio Aguilar, Julie Joubert, Heba Khalifa, Daniel Mebarek, Musuk Nolte, Zuzana Pustaiov\u00e1 and Denis Serrano, is on show at the <strong>Espace Monoprix until 5 October 2025<\/strong>.<\/p>\n                            <\/div>\n                                                                                        <\/div>\n            <\/div>\n        <\/div>\n\n\n\n    <\/section>\n\n\n  <section class=\"block-image-texte bg-white layout-pad-y \">\n                <div class=\"container\">\n        <div class=\"layout-pad-x flex-desktop \">\n          <div class=\"w-50-desktop\">\n                                          <img decoding=\"async\" width=\"1669\" height=\"2048\" src=\"https:\/\/www.fondation-louisroederer.com\/wp-content\/uploads\/2025\/07\/PORTRAIT_-OCTAVIO-AGUILAR-scaled.jpg\" class=\"attachment-full size-full\" alt=\"fondation-louis-roederer-portrait-julie-joubert\" srcset=\"https:\/\/www.fondation-louisroederer.com\/wp-content\/uploads\/2025\/07\/PORTRAIT_-OCTAVIO-AGUILAR-scaled.jpg 1669w, https:\/\/www.fondation-louisroederer.com\/wp-content\/uploads\/2025\/07\/PORTRAIT_-OCTAVIO-AGUILAR-244x300.jpg 244w, https:\/\/www.fondation-louisroederer.com\/wp-content\/uploads\/2025\/07\/PORTRAIT_-OCTAVIO-AGUILAR-834x1024.jpg 834w, https:\/\/www.fondation-louisroederer.com\/wp-content\/uploads\/2025\/07\/PORTRAIT_-OCTAVIO-AGUILAR-768x943.jpg 768w, https:\/\/www.fondation-louisroederer.com\/wp-content\/uploads\/2025\/07\/PORTRAIT_-OCTAVIO-AGUILAR-1251x1536.jpg 1251w\" sizes=\"(max-width: 1669px) 100vw, 1669px\" \/>                                  <p class=\"credit-txt\">\u00a9 Octavio Aguilar<\/p>\n                                                    <\/div>\n\n          <div class=\"w-50-desktop block-image-texte--content\">\n            <div>\n                              <h2 class=\"font-sackers font-light uppercase h2-md mb-1r\">Octavio Aguilar, Winner of the Jury Award<\/h2>\n                                            <p>Selected from among the projects of seven finalists, <strong>Octavio Aguilar<\/strong>, presented by <strong>Parallel Oaxaca<\/strong> (Mexico), won the Jury Award, which consists of a \u20ac15,000 endowment for an acquisition that will become part of the Rencontres d&#8217;Arles collection.<\/p>\n<p>In her project, <strong><em>Taj\u00eb\u00ebw and Kontoy<\/em><\/strong>, the names of the ancestors of the Ayuuk people, the artist asserts the importance of indigenous Ayuuk culture in the face of globalisation, and uses her mixed language to recover the history of her ancestors. Aurea Romero, his grandmother, is the key figure who has guided him in understanding his cultural genealogy. His conversations with her and other inhabitants of his region have enabled him to reconstruct a narrative that resists the various processes of symbolic colonisation.<\/p>\n<p>Octavio Aguilar uses photography as the thread running through an audiovisual installation that regenerates a memory diluted by the passage of time and the processes of cultural segregation to which indigenous groups have been subjected throughout Mexico&#8217;s history.<\/p>\n                                        <\/div>\n\n          <\/div>\n        <\/div>\n\n      <\/div>\n\n    \n  <\/section>\n\n\n\n<section class=\"block-mosaique bg-white layout-pad-y js-bg-scrolled bg-scrolled invert\">\n    <div class=\"container \">\n                <div class=\"layout-pad-x layout-mansonry hidden-mobile   \">\n                                                                                            <div class=\"layout-mansonry__img\">\n                            <img decoding=\"async\" width=\"2048\" height=\"1365\" src=\"https:\/\/www.fondation-louisroederer.com\/wp-content\/uploads\/2025\/07\/2025-AGUI-01-scaled.jpg\" class=\"attachment-full size-full\" alt=\"fondation-louis-roederer-les-rencontres-de-la-photographie-arles-copyright-octavio-aguilar-tajeew-ja-tsa-any\" srcset=\"https:\/\/www.fondation-louisroederer.com\/wp-content\/uploads\/2025\/07\/2025-AGUI-01-scaled.jpg 2048w, https:\/\/www.fondation-louisroederer.com\/wp-content\/uploads\/2025\/07\/2025-AGUI-01-300x200.jpg 300w, https:\/\/www.fondation-louisroederer.com\/wp-content\/uploads\/2025\/07\/2025-AGUI-01-1024x683.jpg 1024w, https:\/\/www.fondation-louisroederer.com\/wp-content\/uploads\/2025\/07\/2025-AGUI-01-768x512.jpg 768w, https:\/\/www.fondation-louisroederer.com\/wp-content\/uploads\/2025\/07\/2025-AGUI-01-1536x1024.jpg 1536w\" sizes=\"(max-width: 2048px) 100vw, 2048px\" \/>                                                            <p class=\"credit-txt\">\n                                    Ma y\u00eb\u00eb tunjoty, ma y\u00eb\u00eb kopkjoty, 2020 \u00a9 Octavio Aguilar                                <\/p>\n                                                    <\/div>\n                                                                                                    <div class=\"layout-mansonry__img\">\n                            <img decoding=\"async\" width=\"1365\" height=\"2048\" src=\"https:\/\/www.fondation-louisroederer.com\/wp-content\/uploads\/2025\/07\/2025-AGUI-02-scaled.jpg\" class=\"attachment-full size-full\" alt=\"fondation-louis-roederer-les-rencontres-de-la-photographie-arles-copyright-octavio-aguilar-ayuuk-mok\" srcset=\"https:\/\/www.fondation-louisroederer.com\/wp-content\/uploads\/2025\/07\/2025-AGUI-02-scaled.jpg 1365w, https:\/\/www.fondation-louisroederer.com\/wp-content\/uploads\/2025\/07\/2025-AGUI-02-200x300.jpg 200w, https:\/\/www.fondation-louisroederer.com\/wp-content\/uploads\/2025\/07\/2025-AGUI-02-683x1024.jpg 683w, https:\/\/www.fondation-louisroederer.com\/wp-content\/uploads\/2025\/07\/2025-AGUI-02-768x1152.jpg 768w, https:\/\/www.fondation-louisroederer.com\/wp-content\/uploads\/2025\/07\/2025-AGUI-02-1024x1536.jpg 1024w\" sizes=\"(max-width: 1365px) 100vw, 1365px\" \/>                                                            <p class=\"credit-txt\">\n                                    Taj\u00eb\u00ebw, ja tsa\u00b4any, 2020 \u00a9 Octavio Aguilar                                <\/p>\n                                                    <\/div>\n                                                                                                    <div class=\"layout-mansonry__img\">\n                            <img decoding=\"async\" width=\"1365\" height=\"2048\" src=\"https:\/\/www.fondation-louisroederer.com\/wp-content\/uploads\/2025\/07\/2025-AGUI-03-scaled.jpg\" class=\"attachment-full size-full\" alt=\"fondation-louis-roederer-les-rencontres-de-la-photographie-arles-copyright-octavio-aguilar-kontoy\" srcset=\"https:\/\/www.fondation-louisroederer.com\/wp-content\/uploads\/2025\/07\/2025-AGUI-03-scaled.jpg 1365w, https:\/\/www.fondation-louisroederer.com\/wp-content\/uploads\/2025\/07\/2025-AGUI-03-200x300.jpg 200w, https:\/\/www.fondation-louisroederer.com\/wp-content\/uploads\/2025\/07\/2025-AGUI-03-683x1024.jpg 683w, https:\/\/www.fondation-louisroederer.com\/wp-content\/uploads\/2025\/07\/2025-AGUI-03-768x1152.jpg 768w, https:\/\/www.fondation-louisroederer.com\/wp-content\/uploads\/2025\/07\/2025-AGUI-03-1024x1536.jpg 1024w\" sizes=\"(max-width: 1365px) 100vw, 1365px\" \/>                                                            <p class=\"credit-txt\">\n                                    Ayuuk mok, 2020 \u00a9 Octavio Aguilar                                <\/p>\n                                                    <\/div>\n                                                                                                    <div class=\"layout-mansonry__img\">\n                            <img decoding=\"async\" width=\"2048\" height=\"1365\" src=\"https:\/\/www.fondation-louisroederer.com\/wp-content\/uploads\/2025\/07\/2025-AGUI-05-scaled.jpg\" class=\"attachment-full size-full\" alt=\"\" srcset=\"https:\/\/www.fondation-louisroederer.com\/wp-content\/uploads\/2025\/07\/2025-AGUI-05-scaled.jpg 2048w, https:\/\/www.fondation-louisroederer.com\/wp-content\/uploads\/2025\/07\/2025-AGUI-05-300x200.jpg 300w, https:\/\/www.fondation-louisroederer.com\/wp-content\/uploads\/2025\/07\/2025-AGUI-05-1024x683.jpg 1024w, https:\/\/www.fondation-louisroederer.com\/wp-content\/uploads\/2025\/07\/2025-AGUI-05-768x512.jpg 768w, https:\/\/www.fondation-louisroederer.com\/wp-content\/uploads\/2025\/07\/2025-AGUI-05-1536x1024.jpg 1536w\" sizes=\"(max-width: 2048px) 100vw, 2048px\" \/>                                                            <p class=\"credit-txt\">\n                                    Kontoy wyiin jy\u00eb\u00ebjp, 2020 \u00a9 Octavio Aguilar                                <\/p>\n                                                    <\/div>\n                                                                                                    <div class=\"layout-mansonry__img\">\n                            <img decoding=\"async\" width=\"1365\" height=\"2048\" src=\"https:\/\/www.fondation-louisroederer.com\/wp-content\/uploads\/2025\/07\/2025-AGUI-04-scaled.jpg\" class=\"attachment-full size-full\" alt=\"fondation-louis-roederer-les-rencontres-de-la-photographie-arles-copyright-octavio-aguilar-\" srcset=\"https:\/\/www.fondation-louisroederer.com\/wp-content\/uploads\/2025\/07\/2025-AGUI-04-scaled.jpg 1365w, https:\/\/www.fondation-louisroederer.com\/wp-content\/uploads\/2025\/07\/2025-AGUI-04-200x300.jpg 200w, https:\/\/www.fondation-louisroederer.com\/wp-content\/uploads\/2025\/07\/2025-AGUI-04-683x1024.jpg 683w, https:\/\/www.fondation-louisroederer.com\/wp-content\/uploads\/2025\/07\/2025-AGUI-04-768x1152.jpg 768w, https:\/\/www.fondation-louisroederer.com\/wp-content\/uploads\/2025\/07\/2025-AGUI-04-1024x1536.jpg 1024w\" sizes=\"(max-width: 1365px) 100vw, 1365px\" \/>                                                            <p class=\"credit-txt\">\n                                    Kontoy, 2020 \u00a9 Octavio Aguilar                                <\/p>\n                                                    <\/div>\n                                                        <\/div>\n        <div class=\"swiper swiper-mosaique hidden-desktop\">\n            <div class=\"swiper-wrapper\">\n                                                                                                                <div class=\"swiper-slide\">\n                                <img decoding=\"async\" width=\"2048\" height=\"1365\" src=\"https:\/\/www.fondation-louisroederer.com\/wp-content\/uploads\/2025\/07\/2025-AGUI-01-scaled.jpg\" class=\"attachment-full size-full\" alt=\"fondation-louis-roederer-les-rencontres-de-la-photographie-arles-copyright-octavio-aguilar-tajeew-ja-tsa-any\" srcset=\"https:\/\/www.fondation-louisroederer.com\/wp-content\/uploads\/2025\/07\/2025-AGUI-01-scaled.jpg 2048w, https:\/\/www.fondation-louisroederer.com\/wp-content\/uploads\/2025\/07\/2025-AGUI-01-300x200.jpg 300w, https:\/\/www.fondation-louisroederer.com\/wp-content\/uploads\/2025\/07\/2025-AGUI-01-1024x683.jpg 1024w, https:\/\/www.fondation-louisroederer.com\/wp-content\/uploads\/2025\/07\/2025-AGUI-01-768x512.jpg 768w, https:\/\/www.fondation-louisroederer.com\/wp-content\/uploads\/2025\/07\/2025-AGUI-01-1536x1024.jpg 1536w\" sizes=\"(max-width: 2048px) 100vw, 2048px\" \/>                                                                    <p class=\"credit-txt\">\n                                        Ma y\u00eb\u00eb tunjoty, ma y\u00eb\u00eb kopkjoty, 2020 \u00a9 Octavio Aguilar                                    <\/p>\n                                                            <\/div>\n                                                                                                                        <div class=\"swiper-slide\">\n                                <img decoding=\"async\" width=\"1365\" height=\"2048\" src=\"https:\/\/www.fondation-louisroederer.com\/wp-content\/uploads\/2025\/07\/2025-AGUI-02-scaled.jpg\" class=\"attachment-full size-full\" alt=\"fondation-louis-roederer-les-rencontres-de-la-photographie-arles-copyright-octavio-aguilar-ayuuk-mok\" srcset=\"https:\/\/www.fondation-louisroederer.com\/wp-content\/uploads\/2025\/07\/2025-AGUI-02-scaled.jpg 1365w, https:\/\/www.fondation-louisroederer.com\/wp-content\/uploads\/2025\/07\/2025-AGUI-02-200x300.jpg 200w, https:\/\/www.fondation-louisroederer.com\/wp-content\/uploads\/2025\/07\/2025-AGUI-02-683x1024.jpg 683w, https:\/\/www.fondation-louisroederer.com\/wp-content\/uploads\/2025\/07\/2025-AGUI-02-768x1152.jpg 768w, https:\/\/www.fondation-louisroederer.com\/wp-content\/uploads\/2025\/07\/2025-AGUI-02-1024x1536.jpg 1024w\" sizes=\"(max-width: 1365px) 100vw, 1365px\" \/>                                                                    <p class=\"credit-txt\">\n                                        Taj\u00eb\u00ebw, ja tsa\u00b4any, 2020 \u00a9 Octavio Aguilar                                    <\/p>\n                                                            <\/div>\n                                                                                                                        <div class=\"swiper-slide\">\n                                <img decoding=\"async\" width=\"1365\" height=\"2048\" src=\"https:\/\/www.fondation-louisroederer.com\/wp-content\/uploads\/2025\/07\/2025-AGUI-03-scaled.jpg\" class=\"attachment-full size-full\" alt=\"fondation-louis-roederer-les-rencontres-de-la-photographie-arles-copyright-octavio-aguilar-kontoy\" srcset=\"https:\/\/www.fondation-louisroederer.com\/wp-content\/uploads\/2025\/07\/2025-AGUI-03-scaled.jpg 1365w, https:\/\/www.fondation-louisroederer.com\/wp-content\/uploads\/2025\/07\/2025-AGUI-03-200x300.jpg 200w, https:\/\/www.fondation-louisroederer.com\/wp-content\/uploads\/2025\/07\/2025-AGUI-03-683x1024.jpg 683w, https:\/\/www.fondation-louisroederer.com\/wp-content\/uploads\/2025\/07\/2025-AGUI-03-768x1152.jpg 768w, https:\/\/www.fondation-louisroederer.com\/wp-content\/uploads\/2025\/07\/2025-AGUI-03-1024x1536.jpg 1024w\" sizes=\"(max-width: 1365px) 100vw, 1365px\" \/>                                                                    <p class=\"credit-txt\">\n                                        Ayuuk mok, 2020 \u00a9 Octavio Aguilar                                    <\/p>\n                                                            <\/div>\n                                                                                                                        <div class=\"swiper-slide\">\n                                <img decoding=\"async\" width=\"2048\" height=\"1365\" src=\"https:\/\/www.fondation-louisroederer.com\/wp-content\/uploads\/2025\/07\/2025-AGUI-05-scaled.jpg\" class=\"attachment-full size-full\" alt=\"\" srcset=\"https:\/\/www.fondation-louisroederer.com\/wp-content\/uploads\/2025\/07\/2025-AGUI-05-scaled.jpg 2048w, https:\/\/www.fondation-louisroederer.com\/wp-content\/uploads\/2025\/07\/2025-AGUI-05-300x200.jpg 300w, https:\/\/www.fondation-louisroederer.com\/wp-content\/uploads\/2025\/07\/2025-AGUI-05-1024x683.jpg 1024w, https:\/\/www.fondation-louisroederer.com\/wp-content\/uploads\/2025\/07\/2025-AGUI-05-768x512.jpg 768w, https:\/\/www.fondation-louisroederer.com\/wp-content\/uploads\/2025\/07\/2025-AGUI-05-1536x1024.jpg 1536w\" sizes=\"(max-width: 2048px) 100vw, 2048px\" \/>                                                                    <p class=\"credit-txt\">\n                                        Kontoy wyiin jy\u00eb\u00ebjp, 2020 \u00a9 Octavio Aguilar                                    <\/p>\n                                                            <\/div>\n                                                                                                                        <div class=\"swiper-slide\">\n                                <img decoding=\"async\" width=\"1365\" height=\"2048\" src=\"https:\/\/www.fondation-louisroederer.com\/wp-content\/uploads\/2025\/07\/2025-AGUI-04-scaled.jpg\" class=\"attachment-full size-full\" alt=\"fondation-louis-roederer-les-rencontres-de-la-photographie-arles-copyright-octavio-aguilar-\" srcset=\"https:\/\/www.fondation-louisroederer.com\/wp-content\/uploads\/2025\/07\/2025-AGUI-04-scaled.jpg 1365w, https:\/\/www.fondation-louisroederer.com\/wp-content\/uploads\/2025\/07\/2025-AGUI-04-200x300.jpg 200w, https:\/\/www.fondation-louisroederer.com\/wp-content\/uploads\/2025\/07\/2025-AGUI-04-683x1024.jpg 683w, https:\/\/www.fondation-louisroederer.com\/wp-content\/uploads\/2025\/07\/2025-AGUI-04-768x1152.jpg 768w, https:\/\/www.fondation-louisroederer.com\/wp-content\/uploads\/2025\/07\/2025-AGUI-04-1024x1536.jpg 1024w\" sizes=\"(max-width: 1365px) 100vw, 1365px\" \/>                                                                    <p class=\"credit-txt\">\n                                        Kontoy, 2020 \u00a9 Octavio Aguilar                                    <\/p>\n                                                            <\/div>\n                                                                        <\/div>\n            <div class=\"swiper-pagination\"><\/div>\n        <\/div>\n    <\/div>\n<\/section>\n\n  <section class=\"block-image-texte bg-white layout-pad-y \">\n                <div class=\"container\">\n        <div class=\"layout-pad-x flex-desktop row-reverse\">\n          <div class=\"w-50-desktop\">\n                                          <img decoding=\"async\" width=\"1536\" height=\"2048\" src=\"https:\/\/www.fondation-louisroederer.com\/wp-content\/uploads\/2025\/07\/2025-JOUB-PORTRAIT-scaled.jpg\" class=\"attachment-full size-full\" alt=\"fondation-louis-roederer-portrait-julie-joubert\" srcset=\"https:\/\/www.fondation-louisroederer.com\/wp-content\/uploads\/2025\/07\/2025-JOUB-PORTRAIT-scaled.jpg 1536w, https:\/\/www.fondation-louisroederer.com\/wp-content\/uploads\/2025\/07\/2025-JOUB-PORTRAIT-225x300.jpg 225w, https:\/\/www.fondation-louisroederer.com\/wp-content\/uploads\/2025\/07\/2025-JOUB-PORTRAIT-768x1024.jpg 768w, https:\/\/www.fondation-louisroederer.com\/wp-content\/uploads\/2025\/07\/2025-JOUB-PORTRAIT-1152x1536.jpg 1152w\" sizes=\"(max-width: 1536px) 100vw, 1536px\" \/>                                  <p class=\"credit-txt\">\u00a9 Julie Joubert <\/p>\n                                                    <\/div>\n\n          <div class=\"w-50-desktop block-image-texte--content\">\n            <div>\n                              <h2 class=\"font-sackers font-light uppercase h2-md mb-1r\">Julie Joubert, Winner of the Public Award<\/h2>\n                                            <p><strong>Julie Joubert<\/strong>, presented by the <strong>H\u00f4tel Fontfreyde &#8211; Centre photographique<\/strong> (Clermont-Ferrand, France), has been awarded the Public Award 2025, which consists of an endowment of \u20ac5,000 in the form of an acquisition.<\/p>\n<p>Somewhere between fine art and documentary photography, the artist tackles issues relating to identity, youth and representations of the masculine.<\/p>\n<p>Through her photographic project <em><strong>Patria Nostra<\/strong><\/em>, Julie Joubert paints a social portrait of the Foreign Legion; hyper-masculinity and fraternity are two traits that characterise a group of young people seeking French citizenship.<\/p>\n<p>&nbsp;<\/p>\n                                        <\/div>\n\n          <\/div>\n        <\/div>\n\n      <\/div>\n\n    \n  <\/section>\n\n\n\n<section class=\"block-mosaique bg-white layout-pad-y js-bg-scrolled bg-scrolled invert\">\n    <div class=\"container \">\n                <div class=\"layout-pad-x layout-mansonry hidden-mobile   \">\n                                                                                            <div class=\"layout-mansonry__img\">\n                            <img decoding=\"async\" width=\"1536\" height=\"2048\" src=\"https:\/\/www.fondation-louisroederer.com\/wp-content\/uploads\/2025\/07\/2025-JOUB-02-scaled.jpg\" class=\"attachment-full size-full\" alt=\"fondation-louis-roederer-les-rencontres-de-la-photographie-arles-copyright-heba-khalifa\" srcset=\"https:\/\/www.fondation-louisroederer.com\/wp-content\/uploads\/2025\/07\/2025-JOUB-02-scaled.jpg 1536w, https:\/\/www.fondation-louisroederer.com\/wp-content\/uploads\/2025\/07\/2025-JOUB-02-225x300.jpg 225w, https:\/\/www.fondation-louisroederer.com\/wp-content\/uploads\/2025\/07\/2025-JOUB-02-768x1024.jpg 768w, https:\/\/www.fondation-louisroederer.com\/wp-content\/uploads\/2025\/07\/2025-JOUB-02-1152x1536.jpg 1152w\" sizes=\"(max-width: 1536px) 100vw, 1536px\" \/>                                                            <p class=\"credit-txt\">\n                                    Sans titre, 2023. S\u00e9rie Patria Nostra, 2023-2024 \u00a9 Julie Joubert                                <\/p>\n                                                    <\/div>\n                                                                                                    <div class=\"layout-mansonry__img\">\n                            <img decoding=\"async\" width=\"2048\" height=\"1536\" src=\"https:\/\/www.fondation-louisroederer.com\/wp-content\/uploads\/2025\/07\/2025-JOUB-01-scaled.jpg\" class=\"attachment-full size-full\" alt=\"fondation-louis-roederer-les-rencontres-de-la-photographie-arles-copyright-julie-joubert-patria-nostra\" srcset=\"https:\/\/www.fondation-louisroederer.com\/wp-content\/uploads\/2025\/07\/2025-JOUB-01-scaled.jpg 2048w, https:\/\/www.fondation-louisroederer.com\/wp-content\/uploads\/2025\/07\/2025-JOUB-01-300x225.jpg 300w, https:\/\/www.fondation-louisroederer.com\/wp-content\/uploads\/2025\/07\/2025-JOUB-01-1024x768.jpg 1024w, https:\/\/www.fondation-louisroederer.com\/wp-content\/uploads\/2025\/07\/2025-JOUB-01-768x576.jpg 768w, https:\/\/www.fondation-louisroederer.com\/wp-content\/uploads\/2025\/07\/2025-JOUB-01-1536x1152.jpg 1536w\" sizes=\"(max-width: 2048px) 100vw, 2048px\" \/>                                                            <p class=\"credit-txt\">\n                                    Sans titre, 2023. S\u00e9rie Patria Nostra, 2023-2024 \u00a9 Julie Joubert                                <\/p>\n                                                    <\/div>\n                                                                                                    <div class=\"layout-mansonry__img\">\n                            <img decoding=\"async\" width=\"2048\" height=\"1536\" src=\"https:\/\/www.fondation-louisroederer.com\/wp-content\/uploads\/2025\/07\/2025-JOUB-05-scaled.jpg\" class=\"attachment-full size-full\" alt=\"\" srcset=\"https:\/\/www.fondation-louisroederer.com\/wp-content\/uploads\/2025\/07\/2025-JOUB-05-scaled.jpg 2048w, https:\/\/www.fondation-louisroederer.com\/wp-content\/uploads\/2025\/07\/2025-JOUB-05-300x225.jpg 300w, https:\/\/www.fondation-louisroederer.com\/wp-content\/uploads\/2025\/07\/2025-JOUB-05-1024x768.jpg 1024w, https:\/\/www.fondation-louisroederer.com\/wp-content\/uploads\/2025\/07\/2025-JOUB-05-768x576.jpg 768w, https:\/\/www.fondation-louisroederer.com\/wp-content\/uploads\/2025\/07\/2025-JOUB-05-1536x1152.jpg 1536w\" sizes=\"(max-width: 2048px) 100vw, 2048px\" \/>                                                            <p class=\"credit-txt\">\n                                    Sans titre, 2023. S\u00e9rie Patria Nostra, 2023-2024 \u00a9 Julie Joubert                                <\/p>\n                                                    <\/div>\n                                                                                                    <div class=\"layout-mansonry__img\">\n                            <img decoding=\"async\" width=\"8714\" height=\"11619\" src=\"https:\/\/www.fondation-louisroederer.com\/wp-content\/uploads\/2025\/07\/2025-JOUB-03.jpg\" class=\"attachment-full size-full\" alt=\"\" \/>                                                            <p class=\"credit-txt\">\n                                    Sans titre, 2023. S\u00e9rie Patria Nostra, 2023-2024 \u00a9 Julie Joubert                                <\/p>\n                                                    <\/div>\n                                                                                                    <div class=\"layout-mansonry__img\">\n                            <img decoding=\"async\" width=\"1536\" height=\"2048\" src=\"https:\/\/www.fondation-louisroederer.com\/wp-content\/uploads\/2025\/07\/2025-JOUB-04-scaled.jpg\" class=\"attachment-full size-full\" alt=\"\" srcset=\"https:\/\/www.fondation-louisroederer.com\/wp-content\/uploads\/2025\/07\/2025-JOUB-04-scaled.jpg 1536w, https:\/\/www.fondation-louisroederer.com\/wp-content\/uploads\/2025\/07\/2025-JOUB-04-225x300.jpg 225w, https:\/\/www.fondation-louisroederer.com\/wp-content\/uploads\/2025\/07\/2025-JOUB-04-768x1024.jpg 768w, https:\/\/www.fondation-louisroederer.com\/wp-content\/uploads\/2025\/07\/2025-JOUB-04-1152x1536.jpg 1152w\" sizes=\"(max-width: 1536px) 100vw, 1536px\" \/>                                                            <p class=\"credit-txt\">\n                                    Sans titre, 2023. S\u00e9rie Patria Nostra, 2023-2024 \u00a9 Julie Joubert                                <\/p>\n                                                    <\/div>\n                                                        <\/div>\n        <div class=\"swiper swiper-mosaique hidden-desktop\">\n            <div class=\"swiper-wrapper\">\n                                                                                                                <div class=\"swiper-slide\">\n                                <img decoding=\"async\" width=\"1536\" height=\"2048\" src=\"https:\/\/www.fondation-louisroederer.com\/wp-content\/uploads\/2025\/07\/2025-JOUB-02-scaled.jpg\" class=\"attachment-full size-full\" alt=\"fondation-louis-roederer-les-rencontres-de-la-photographie-arles-copyright-heba-khalifa\" srcset=\"https:\/\/www.fondation-louisroederer.com\/wp-content\/uploads\/2025\/07\/2025-JOUB-02-scaled.jpg 1536w, https:\/\/www.fondation-louisroederer.com\/wp-content\/uploads\/2025\/07\/2025-JOUB-02-225x300.jpg 225w, https:\/\/www.fondation-louisroederer.com\/wp-content\/uploads\/2025\/07\/2025-JOUB-02-768x1024.jpg 768w, https:\/\/www.fondation-louisroederer.com\/wp-content\/uploads\/2025\/07\/2025-JOUB-02-1152x1536.jpg 1152w\" sizes=\"(max-width: 1536px) 100vw, 1536px\" \/>                                                                    <p class=\"credit-txt\">\n                                        Sans titre, 2023. S\u00e9rie Patria Nostra, 2023-2024 \u00a9 Julie Joubert                                    <\/p>\n                                                            <\/div>\n                                                                                                                        <div class=\"swiper-slide\">\n                                <img decoding=\"async\" width=\"2048\" height=\"1536\" src=\"https:\/\/www.fondation-louisroederer.com\/wp-content\/uploads\/2025\/07\/2025-JOUB-01-scaled.jpg\" class=\"attachment-full size-full\" alt=\"fondation-louis-roederer-les-rencontres-de-la-photographie-arles-copyright-julie-joubert-patria-nostra\" srcset=\"https:\/\/www.fondation-louisroederer.com\/wp-content\/uploads\/2025\/07\/2025-JOUB-01-scaled.jpg 2048w, https:\/\/www.fondation-louisroederer.com\/wp-content\/uploads\/2025\/07\/2025-JOUB-01-300x225.jpg 300w, https:\/\/www.fondation-louisroederer.com\/wp-content\/uploads\/2025\/07\/2025-JOUB-01-1024x768.jpg 1024w, https:\/\/www.fondation-louisroederer.com\/wp-content\/uploads\/2025\/07\/2025-JOUB-01-768x576.jpg 768w, https:\/\/www.fondation-louisroederer.com\/wp-content\/uploads\/2025\/07\/2025-JOUB-01-1536x1152.jpg 1536w\" sizes=\"(max-width: 2048px) 100vw, 2048px\" \/>                                                                    <p class=\"credit-txt\">\n                                        Sans titre, 2023. S\u00e9rie Patria Nostra, 2023-2024 \u00a9 Julie Joubert                                    <\/p>\n                                                            <\/div>\n                                                                                                                        <div class=\"swiper-slide\">\n                                <img decoding=\"async\" width=\"2048\" height=\"1536\" src=\"https:\/\/www.fondation-louisroederer.com\/wp-content\/uploads\/2025\/07\/2025-JOUB-05-scaled.jpg\" class=\"attachment-full size-full\" alt=\"\" srcset=\"https:\/\/www.fondation-louisroederer.com\/wp-content\/uploads\/2025\/07\/2025-JOUB-05-scaled.jpg 2048w, https:\/\/www.fondation-louisroederer.com\/wp-content\/uploads\/2025\/07\/2025-JOUB-05-300x225.jpg 300w, https:\/\/www.fondation-louisroederer.com\/wp-content\/uploads\/2025\/07\/2025-JOUB-05-1024x768.jpg 1024w, https:\/\/www.fondation-louisroederer.com\/wp-content\/uploads\/2025\/07\/2025-JOUB-05-768x576.jpg 768w, https:\/\/www.fondation-louisroederer.com\/wp-content\/uploads\/2025\/07\/2025-JOUB-05-1536x1152.jpg 1536w\" sizes=\"(max-width: 2048px) 100vw, 2048px\" \/>                                                                    <p class=\"credit-txt\">\n                                        Sans titre, 2023. S\u00e9rie Patria Nostra, 2023-2024 \u00a9 Julie Joubert                                    <\/p>\n                                                            <\/div>\n                                                                                                                        <div class=\"swiper-slide\">\n                                <img decoding=\"async\" width=\"8714\" height=\"11619\" src=\"https:\/\/www.fondation-louisroederer.com\/wp-content\/uploads\/2025\/07\/2025-JOUB-03.jpg\" class=\"attachment-full size-full\" alt=\"\" \/>                                                                    <p class=\"credit-txt\">\n                                        Sans titre, 2023. S\u00e9rie Patria Nostra, 2023-2024 \u00a9 Julie Joubert                                    <\/p>\n                                                            <\/div>\n                                                                                                                        <div class=\"swiper-slide\">\n                                <img decoding=\"async\" width=\"1536\" height=\"2048\" src=\"https:\/\/www.fondation-louisroederer.com\/wp-content\/uploads\/2025\/07\/2025-JOUB-04-scaled.jpg\" class=\"attachment-full size-full\" alt=\"\" srcset=\"https:\/\/www.fondation-louisroederer.com\/wp-content\/uploads\/2025\/07\/2025-JOUB-04-scaled.jpg 1536w, https:\/\/www.fondation-louisroederer.com\/wp-content\/uploads\/2025\/07\/2025-JOUB-04-225x300.jpg 225w, https:\/\/www.fondation-louisroederer.com\/wp-content\/uploads\/2025\/07\/2025-JOUB-04-768x1024.jpg 768w, https:\/\/www.fondation-louisroederer.com\/wp-content\/uploads\/2025\/07\/2025-JOUB-04-1152x1536.jpg 1152w\" sizes=\"(max-width: 1536px) 100vw, 1536px\" \/>                                                                    <p class=\"credit-txt\">\n                                        Sans titre, 2023. S\u00e9rie Patria Nostra, 2023-2024 \u00a9 Julie Joubert                                    <\/p>\n                                                            <\/div>\n                                                                        <\/div>\n            <div class=\"swiper-pagination\"><\/div>\n        <\/div>\n    <\/div>\n<\/section>\n\n  <section class=\"block-image-texte bg-white layout-pad-y \">\n                <div class=\"container\">\n        <div class=\"layout-pad-x flex-desktop row-reverse\">\n          <div class=\"w-50-desktop\">\n                                          <img decoding=\"async\" width=\"1761\" height=\"2048\" src=\"https:\/\/www.fondation-louisroederer.com\/wp-content\/uploads\/2025\/07\/Heba-Khalifa-photo-by-Ward-Salah-scaled.jpg\" class=\"attachment-full size-full\" alt=\"fondation-louis-roederer-portrait-heba-khalifa-copyright-ward-salah\" srcset=\"https:\/\/www.fondation-louisroederer.com\/wp-content\/uploads\/2025\/07\/Heba-Khalifa-photo-by-Ward-Salah-scaled.jpg 1761w, https:\/\/www.fondation-louisroederer.com\/wp-content\/uploads\/2025\/07\/Heba-Khalifa-photo-by-Ward-Salah-258x300.jpg 258w, https:\/\/www.fondation-louisroederer.com\/wp-content\/uploads\/2025\/07\/Heba-Khalifa-photo-by-Ward-Salah-880x1024.jpg 880w, https:\/\/www.fondation-louisroederer.com\/wp-content\/uploads\/2025\/07\/Heba-Khalifa-photo-by-Ward-Salah-768x893.jpg 768w, https:\/\/www.fondation-louisroederer.com\/wp-content\/uploads\/2025\/07\/Heba-Khalifa-photo-by-Ward-Salah-1320x1536.jpg 1320w\" sizes=\"(max-width: 1761px) 100vw, 1761px\" \/>                                  <p class=\"credit-txt\">\u00a9 Heba Khalifa<\/p>\n                                                    <\/div>\n\n          <div class=\"w-50-desktop block-image-texte--content\">\n            <div>\n                              <h2 class=\"font-sackers font-light uppercase h2-md mb-1r\">Heba Khalifa, Special Mention <\/h2>\n                                            <p>The jury of the 2025 Discovery Award has decided to award a special mention to <strong>Heba Khalifa<\/strong> presented by <strong>Prince Claus Fund<\/strong> (Amsterdam, Netherlands) for her project <em><strong>Tiger\u2019s eye<\/strong> <\/em>in which she exhumes the memories of her childhood to find herself in the present in the city of Cairo. In a quest to reconcile herself with her past, she denounces the repression of religion and the family against women&#8217;s bodies.<\/p>\n                                        <\/div>\n\n          <\/div>\n        <\/div>\n\n      <\/div>\n\n    \n  <\/section>\n\n\n\n<section class=\"block-mosaique bg-white layout-pad-y js-bg-scrolled bg-scrolled invert\">\n    <div class=\"container \">\n                <div class=\"layout-pad-x layout-mansonry hidden-mobile   \">\n                                                                                            <div class=\"layout-mansonry__img\">\n                            <img decoding=\"async\" width=\"2048\" height=\"1518\" src=\"https:\/\/www.fondation-louisroederer.com\/wp-content\/uploads\/2025\/07\/2025-KHAL-02-scaled.jpg\" class=\"attachment-full size-full\" alt=\"fondation-louis-roederer-les-rencontres-de-la-photographie-arles-copyright-heba-khalifa-wild\" srcset=\"https:\/\/www.fondation-louisroederer.com\/wp-content\/uploads\/2025\/07\/2025-KHAL-02-scaled.jpg 2048w, https:\/\/www.fondation-louisroederer.com\/wp-content\/uploads\/2025\/07\/2025-KHAL-02-300x222.jpg 300w, https:\/\/www.fondation-louisroederer.com\/wp-content\/uploads\/2025\/07\/2025-KHAL-02-1024x759.jpg 1024w, https:\/\/www.fondation-louisroederer.com\/wp-content\/uploads\/2025\/07\/2025-KHAL-02-768x569.jpg 768w, https:\/\/www.fondation-louisroederer.com\/wp-content\/uploads\/2025\/07\/2025-KHAL-02-1536x1138.jpg 1536w\" sizes=\"(max-width: 2048px) 100vw, 2048px\" \/>                                                            <p class=\"credit-txt\">\n                                    \u00a9 Heba Khalifa                                <\/p>\n                                                    <\/div>\n                                                                                                    <div class=\"layout-mansonry__img\">\n                            <img decoding=\"async\" width=\"1379\" height=\"2048\" src=\"https:\/\/www.fondation-louisroederer.com\/wp-content\/uploads\/2025\/07\/2025-KHAL-01-scaled.jpg\" class=\"attachment-full size-full\" alt=\"fondation-louis-roederer-les-rencontres-de-la-photographie-arles-copyright-heba-khalifa-wild\" srcset=\"https:\/\/www.fondation-louisroederer.com\/wp-content\/uploads\/2025\/07\/2025-KHAL-01-scaled.jpg 1379w, https:\/\/www.fondation-louisroederer.com\/wp-content\/uploads\/2025\/07\/2025-KHAL-01-202x300.jpg 202w, https:\/\/www.fondation-louisroederer.com\/wp-content\/uploads\/2025\/07\/2025-KHAL-01-689x1024.jpg 689w, https:\/\/www.fondation-louisroederer.com\/wp-content\/uploads\/2025\/07\/2025-KHAL-01-768x1141.jpg 768w, https:\/\/www.fondation-louisroederer.com\/wp-content\/uploads\/2025\/07\/2025-KHAL-01-1034x1536.jpg 1034w\" sizes=\"(max-width: 1379px) 100vw, 1379px\" \/>                                                            <p class=\"credit-txt\">\n                                    Sauvage \u00a9 Heba Khalifa                                <\/p>\n                                                    <\/div>\n                                                                                                    <div class=\"layout-mansonry__img\">\n                            <img decoding=\"async\" width=\"1410\" height=\"2048\" src=\"https:\/\/www.fondation-louisroederer.com\/wp-content\/uploads\/2025\/07\/2025-KHAL-03-scaled.jpg\" class=\"attachment-full size-full\" alt=\"fondation-louis-roederer-les-rencontres-de-la-photographie-arles-copyright-heba-khalifa-\" srcset=\"https:\/\/www.fondation-louisroederer.com\/wp-content\/uploads\/2025\/07\/2025-KHAL-03-scaled.jpg 1410w, https:\/\/www.fondation-louisroederer.com\/wp-content\/uploads\/2025\/07\/2025-KHAL-03-207x300.jpg 207w, https:\/\/www.fondation-louisroederer.com\/wp-content\/uploads\/2025\/07\/2025-KHAL-03-705x1024.jpg 705w, https:\/\/www.fondation-louisroederer.com\/wp-content\/uploads\/2025\/07\/2025-KHAL-03-768x1115.jpg 768w, https:\/\/www.fondation-louisroederer.com\/wp-content\/uploads\/2025\/07\/2025-KHAL-03-1058x1536.jpg 1058w\" sizes=\"(max-width: 1410px) 100vw, 1410px\" \/>                                                            <p class=\"credit-txt\">\n                                    Privation \u00a9 Heba Khalifa                                <\/p>\n                                                    <\/div>\n                                                                                                    <div class=\"layout-mansonry__img\">\n                            <img decoding=\"async\" width=\"2048\" height=\"1388\" src=\"https:\/\/www.fondation-louisroederer.com\/wp-content\/uploads\/2025\/07\/2025-KHAL-04-scaled.jpg\" class=\"attachment-full size-full\" alt=\"\" srcset=\"https:\/\/www.fondation-louisroederer.com\/wp-content\/uploads\/2025\/07\/2025-KHAL-04-scaled.jpg 2048w, https:\/\/www.fondation-louisroederer.com\/wp-content\/uploads\/2025\/07\/2025-KHAL-04-300x203.jpg 300w, https:\/\/www.fondation-louisroederer.com\/wp-content\/uploads\/2025\/07\/2025-KHAL-04-1024x694.jpg 1024w, https:\/\/www.fondation-louisroederer.com\/wp-content\/uploads\/2025\/07\/2025-KHAL-04-768x521.jpg 768w, https:\/\/www.fondation-louisroederer.com\/wp-content\/uploads\/2025\/07\/2025-KHAL-04-1536x1041.jpg 1536w\" sizes=\"(max-width: 2048px) 100vw, 2048px\" \/>                                                            <p class=\"credit-txt\">\n                                    Panique \u00a9 Heba Khalifa                                <\/p>\n                                                    <\/div>\n                                                                                                    <div class=\"layout-mansonry__img\">\n                            <img decoding=\"async\" width=\"1422\" height=\"2048\" src=\"https:\/\/www.fondation-louisroederer.com\/wp-content\/uploads\/2025\/07\/2025-KHAL-05-scaled.jpg\" class=\"attachment-full size-full\" alt=\"\" srcset=\"https:\/\/www.fondation-louisroederer.com\/wp-content\/uploads\/2025\/07\/2025-KHAL-05-scaled.jpg 1422w, https:\/\/www.fondation-louisroederer.com\/wp-content\/uploads\/2025\/07\/2025-KHAL-05-208x300.jpg 208w, https:\/\/www.fondation-louisroederer.com\/wp-content\/uploads\/2025\/07\/2025-KHAL-05-711x1024.jpg 711w, https:\/\/www.fondation-louisroederer.com\/wp-content\/uploads\/2025\/07\/2025-KHAL-05-768x1106.jpg 768w, https:\/\/www.fondation-louisroederer.com\/wp-content\/uploads\/2025\/07\/2025-KHAL-05-1066x1536.jpg 1066w\" sizes=\"(max-width: 1422px) 100vw, 1422px\" \/>                                                            <p class=\"credit-txt\">\n                                    Observatrice \u00a9 Heba Khalifa                                <\/p>\n                                                    <\/div>\n                                                        <\/div>\n        <div class=\"swiper swiper-mosaique hidden-desktop\">\n            <div class=\"swiper-wrapper\">\n                                                                                                                <div class=\"swiper-slide\">\n                                <img decoding=\"async\" width=\"2048\" height=\"1518\" src=\"https:\/\/www.fondation-louisroederer.com\/wp-content\/uploads\/2025\/07\/2025-KHAL-02-scaled.jpg\" class=\"attachment-full size-full\" alt=\"fondation-louis-roederer-les-rencontres-de-la-photographie-arles-copyright-heba-khalifa-wild\" srcset=\"https:\/\/www.fondation-louisroederer.com\/wp-content\/uploads\/2025\/07\/2025-KHAL-02-scaled.jpg 2048w, https:\/\/www.fondation-louisroederer.com\/wp-content\/uploads\/2025\/07\/2025-KHAL-02-300x222.jpg 300w, https:\/\/www.fondation-louisroederer.com\/wp-content\/uploads\/2025\/07\/2025-KHAL-02-1024x759.jpg 1024w, https:\/\/www.fondation-louisroederer.com\/wp-content\/uploads\/2025\/07\/2025-KHAL-02-768x569.jpg 768w, https:\/\/www.fondation-louisroederer.com\/wp-content\/uploads\/2025\/07\/2025-KHAL-02-1536x1138.jpg 1536w\" sizes=\"(max-width: 2048px) 100vw, 2048px\" \/>                                                                    <p class=\"credit-txt\">\n                                        \u00a9 Heba Khalifa                                    <\/p>\n                                                            <\/div>\n                                                                                                                        <div class=\"swiper-slide\">\n                                <img decoding=\"async\" width=\"1379\" height=\"2048\" src=\"https:\/\/www.fondation-louisroederer.com\/wp-content\/uploads\/2025\/07\/2025-KHAL-01-scaled.jpg\" class=\"attachment-full size-full\" alt=\"fondation-louis-roederer-les-rencontres-de-la-photographie-arles-copyright-heba-khalifa-wild\" srcset=\"https:\/\/www.fondation-louisroederer.com\/wp-content\/uploads\/2025\/07\/2025-KHAL-01-scaled.jpg 1379w, https:\/\/www.fondation-louisroederer.com\/wp-content\/uploads\/2025\/07\/2025-KHAL-01-202x300.jpg 202w, https:\/\/www.fondation-louisroederer.com\/wp-content\/uploads\/2025\/07\/2025-KHAL-01-689x1024.jpg 689w, https:\/\/www.fondation-louisroederer.com\/wp-content\/uploads\/2025\/07\/2025-KHAL-01-768x1141.jpg 768w, https:\/\/www.fondation-louisroederer.com\/wp-content\/uploads\/2025\/07\/2025-KHAL-01-1034x1536.jpg 1034w\" sizes=\"(max-width: 1379px) 100vw, 1379px\" \/>                                                                    <p class=\"credit-txt\">\n                                        Sauvage \u00a9 Heba Khalifa                                    <\/p>\n                                                            <\/div>\n                                                                                                                        <div class=\"swiper-slide\">\n                                <img decoding=\"async\" width=\"1410\" height=\"2048\" src=\"https:\/\/www.fondation-louisroederer.com\/wp-content\/uploads\/2025\/07\/2025-KHAL-03-scaled.jpg\" class=\"attachment-full size-full\" alt=\"fondation-louis-roederer-les-rencontres-de-la-photographie-arles-copyright-heba-khalifa-\" srcset=\"https:\/\/www.fondation-louisroederer.com\/wp-content\/uploads\/2025\/07\/2025-KHAL-03-scaled.jpg 1410w, https:\/\/www.fondation-louisroederer.com\/wp-content\/uploads\/2025\/07\/2025-KHAL-03-207x300.jpg 207w, https:\/\/www.fondation-louisroederer.com\/wp-content\/uploads\/2025\/07\/2025-KHAL-03-705x1024.jpg 705w, https:\/\/www.fondation-louisroederer.com\/wp-content\/uploads\/2025\/07\/2025-KHAL-03-768x1115.jpg 768w, https:\/\/www.fondation-louisroederer.com\/wp-content\/uploads\/2025\/07\/2025-KHAL-03-1058x1536.jpg 1058w\" sizes=\"(max-width: 1410px) 100vw, 1410px\" \/>                                                                    <p class=\"credit-txt\">\n                                        Privation \u00a9 Heba Khalifa                                    <\/p>\n                                                            <\/div>\n                                                                                                                        <div class=\"swiper-slide\">\n                                <img decoding=\"async\" width=\"2048\" height=\"1388\" src=\"https:\/\/www.fondation-louisroederer.com\/wp-content\/uploads\/2025\/07\/2025-KHAL-04-scaled.jpg\" class=\"attachment-full size-full\" alt=\"\" srcset=\"https:\/\/www.fondation-louisroederer.com\/wp-content\/uploads\/2025\/07\/2025-KHAL-04-scaled.jpg 2048w, https:\/\/www.fondation-louisroederer.com\/wp-content\/uploads\/2025\/07\/2025-KHAL-04-300x203.jpg 300w, https:\/\/www.fondation-louisroederer.com\/wp-content\/uploads\/2025\/07\/2025-KHAL-04-1024x694.jpg 1024w, https:\/\/www.fondation-louisroederer.com\/wp-content\/uploads\/2025\/07\/2025-KHAL-04-768x521.jpg 768w, https:\/\/www.fondation-louisroederer.com\/wp-content\/uploads\/2025\/07\/2025-KHAL-04-1536x1041.jpg 1536w\" sizes=\"(max-width: 2048px) 100vw, 2048px\" \/>                                                                    <p class=\"credit-txt\">\n                                        Panique \u00a9 Heba Khalifa                                    <\/p>\n                                                            <\/div>\n                                                                                                                        <div class=\"swiper-slide\">\n                                <img decoding=\"async\" width=\"1422\" height=\"2048\" src=\"https:\/\/www.fondation-louisroederer.com\/wp-content\/uploads\/2025\/07\/2025-KHAL-05-scaled.jpg\" class=\"attachment-full size-full\" alt=\"\" srcset=\"https:\/\/www.fondation-louisroederer.com\/wp-content\/uploads\/2025\/07\/2025-KHAL-05-scaled.jpg 1422w, https:\/\/www.fondation-louisroederer.com\/wp-content\/uploads\/2025\/07\/2025-KHAL-05-208x300.jpg 208w, https:\/\/www.fondation-louisroederer.com\/wp-content\/uploads\/2025\/07\/2025-KHAL-05-711x1024.jpg 711w, https:\/\/www.fondation-louisroederer.com\/wp-content\/uploads\/2025\/07\/2025-KHAL-05-768x1106.jpg 768w, https:\/\/www.fondation-louisroederer.com\/wp-content\/uploads\/2025\/07\/2025-KHAL-05-1066x1536.jpg 1066w\" sizes=\"(max-width: 1422px) 100vw, 1422px\" \/>                                                                    <p class=\"credit-txt\">\n                                        Observatrice \u00a9 Heba Khalifa                                    <\/p>\n                                                            <\/div>\n                                                                        <\/div>\n            <div class=\"swiper-pagination\"><\/div>\n        <\/div>\n    <\/div>\n<\/section>\n\n<section class=\"block-jury layout-pad-md-y\" id=\"jury-block-69ee4b8fc3f63\">\n    <div class=\"container \">\n        <div class=\"layout-pad-x-desktop jury-content\">\n                            <div class=\"jury-title\">Le Jury <\/div>\n            \n            \n                            <div class=\"swiper swiper-jury\">\n                    <div class=\"swiper-wrapper\">\n                                                        <div class=\"swiper-slide jury-slide\">\n                                                                                                        <div class=\"jury-item \">\n                                                                                    <span class=\"jury-identity\">Elias Redstone <\/span>\n                                                                                                                            <span class=\"jury-job\">Founder and artistic director of PHOTO Australia, Melbourne, with whom we are co-producing the exhibition On Country: Photography from Australia, presented at the Rencontres d&#039;Arles 2025.<\/span>\n                                                                                                                    <\/div>\n                                                                                                    <div class=\"jury-item \">\n                                                                                    <span class=\"jury-identity\">Marcella Legrand Marer <\/span>\n                                                                                                                            <span class=\"jury-job\">Born in Rio de Janeiro, she divides her time between Rio and Paris. Curator and photography researcher, graduate of EHESS and doctoral student at the University of Zurich, she is curator of the exhibition on Brazilian modernist photography, presented at the Rencontres d&#039;Arles 2025.<\/span>\n                                                                                                                    <\/div>\n                                                                        <\/div>\n                                                                                                <div class=\"swiper-slide jury-slide\">\n                                                                        <div class=\"jury-item \">\n                                                                                    <span class=\"jury-identity\">Keisha Scarville <\/span>\n                                                                                                                            <span class=\"jury-job\">Artist exhibited at the Rencontres d&#039;Arles 2025 in a solo show. She has exhibited at the ICP, the Studio Museum in Harlem, the Brooklyn Museum, the ICA in Philadelphia and the Huxley-Parlour Gallery in London. She now teaches at Harvard and Parsons School of Design in New York.<\/span>\n                                                                                                                    <\/div>\n                                                                                                    <div class=\"jury-item \">\n                                                                                    <span class=\"jury-identity\">Sergio Valenzuela-Escobedo<\/span>\n                                                                                                                            <span class=\"jury-job\">Artist-researcher, his work is at the crossroads of research, curating and teaching. With a doctorate in photography from the ENSP, he is interested in the genesis of the photographic camera in South America.<\/span>\n                                                                                                                    <\/div>\n                                                                        <\/div>\n                                                            \n                                                <\/div>\n                    <div class=\"swiper-pagination hidden-desktop\"><\/div>\n                <\/div>\n\n                <div class=\"jury-wrapper\">\n                    <div class=\"jury-list\">\n                        <div class=\"jury-column\">                                <div class=\"jury-item \">\n                                                                            <span class=\"jury-identity\">Elias Redstone <\/span>\n                                                                                                                <span class=\"jury-job\">Founder and artistic director of PHOTO Australia, Melbourne, with whom we are co-producing the exhibition On Country: Photography from Australia, presented at the Rencontres d&#039;Arles 2025.<\/span>\n                                                                                                        <\/div>\n                                                            <div class=\"jury-item \">\n                                                                            <span class=\"jury-identity\">Marcella Legrand Marer <\/span>\n                                                                                                                <span class=\"jury-job\">Born in Rio de Janeiro, she divides her time between Rio and Paris. Curator and photography researcher, graduate of EHESS and doctoral student at the University of Zurich, she is curator of the exhibition on Brazilian modernist photography, presented at the Rencontres d&#039;Arles 2025.<\/span>\n                                                                                                        <\/div>\n                            <\/div><div class=\"jury-column\">                                <div class=\"jury-item \">\n                                                                            <span class=\"jury-identity\">Keisha Scarville <\/span>\n                                                                                                                <span class=\"jury-job\">Artist exhibited at the Rencontres d&#039;Arles 2025 in a solo show. She has exhibited at the ICP, the Studio Museum in Harlem, the Brooklyn Museum, the ICA in Philadelphia and the Huxley-Parlour Gallery in London. She now teaches at Harvard and Parsons School of Design in New York.<\/span>\n                                                                                                        <\/div>\n                                                            <div class=\"jury-item \">\n                                                                            <span class=\"jury-identity\">Sergio Valenzuela-Escobedo<\/span>\n                                                                                                                <span class=\"jury-job\">Artist-researcher, his work is at the crossroads of research, curating and teaching. With a doctorate in photography from the ENSP, he is interested in the genesis of the photographic camera in South America.<\/span>\n                                                                                                        <\/div>\n                            <\/div>                    <\/div>\n                <\/div>\n\n\n            \n\n        <\/div>\n            <\/div>\n<\/section>\n\n    <section class=\"block-titre-parag bg-white layout-pad-small-y invert js-bg-scrolled bg-scrolled pb-big pt-big\">\n\n        <div class=\"container \">\n            <div class=\"layout-pad-x  center-paragraph\">\n                <div class=\"center-paragraph--inner\">\n                                    <\/div>\n\n                <div class=\"center-paragraph--inner\">\n                                                                        <div class=\"txt-sm\">\n                                <p style=\"text-align: center;\">The work of the winning artists and finalists, <strong>Octavio Aguilar, Julie Joubert, Heba Khalifa, Daniel Mebarek, Musuk Nolte, Zuzana Pustaiov\u00e1 and Denis Serrano<\/strong>, is on show at Espace Monoprix <strong>until October 5, 2025<\/strong>.<\/p>\n                            <\/div>\n                                                                                        <\/div>\n            <\/div>\n        <\/div>\n\n\n\n    <\/section>\n\n\n  <section class=\"block-image-texte bg-white layout-pad-y \">\n                <div class=\"container\">\n        <div class=\"layout-pad-x flex-desktop \">\n          <div class=\"w-50-desktop\">\n                                          <img decoding=\"async\" width=\"2560\" height=\"1707\" src=\"https:\/\/www.fondation-louisroederer.com\/wp-content\/uploads\/2025\/02\/Le_Corre_Lisa1-scaled.jpg\" class=\"attachment-full size-full\" alt=\"fondation-louis-roederer-les-rencontres-d-arles-exposition-copyright-lisa-le-corre\" srcset=\"https:\/\/www.fondation-louisroederer.com\/wp-content\/uploads\/2025\/02\/Le_Corre_Lisa1-scaled.jpg 2560w, https:\/\/www.fondation-louisroederer.com\/wp-content\/uploads\/2025\/02\/Le_Corre_Lisa1-300x200.jpg 300w, https:\/\/www.fondation-louisroederer.com\/wp-content\/uploads\/2025\/02\/Le_Corre_Lisa1-1024x683.jpg 1024w, https:\/\/www.fondation-louisroederer.com\/wp-content\/uploads\/2025\/02\/Le_Corre_Lisa1-768x512.jpg 768w, https:\/\/www.fondation-louisroederer.com\/wp-content\/uploads\/2025\/02\/Le_Corre_Lisa1-1536x1024.jpg 1536w, https:\/\/www.fondation-louisroederer.com\/wp-content\/uploads\/2025\/02\/Le_Corre_Lisa1-2048x1365.jpg 2048w\" sizes=\"(max-width: 2560px) 100vw, 2560px\" \/>                                                    <\/div>\n\n          <div class=\"w-50-desktop block-image-texte--content\">\n            <div>\n                              <h2 class=\"font-sackers font-light uppercase h2-md mb-1r\">The Rencontres d&#8217;Arles <\/h2>\n                                            <p>In 2018, the Louis Roederer Foundation became a sponsor of the Discovery Award, created by the Rencontres d\u2019Arles to encourage young artists.<\/p>\n                                            <a class=\" button button-dark\" type=\"button\" href=\"https:\/\/www.fondation-louisroederer.com\/en\/page-institution\/the-rencontres-darles\/\" target=\"_self\">\n                  <span class=\"text-wrapper\">\n                    <span class=\"button-inner\">\n                      Discover more                    <\/span>\n                    <span class=\"button-inner\">\n                      Discover more                    <\/span>\n                  <\/span>\n                <\/a>\n                          <\/div>\n\n          <\/div>\n        <\/div>\n\n      <\/div>\n\n    \n  <\/section>\n","protected":false},"excerpt":{"rendered":"","protected":false},"author":8,"featured_media":5985,"comment_status":"closed","ping_status":"closed","sticky":false,"template":"","format":"standard","meta":{"_acf_changed":false,"footnotes":""},"categories":[1],"tags":[],"annee":[246],"class_list":["post-5991","post","type-post","status-publish","format-standard","has-post-thumbnail","hentry","category-non-classifiee","annee-2025-2-en"],"acf":[],"yoast_head":"<!-- This site is optimized with the Yoast SEO plugin v26.9 - https:\/\/yoast.com\/product\/yoast-seo-wordpress\/ -->\n<title>Winners of the Louis Roederer Foundation Discovery Award 2025 - Fondation Louis Roederer<\/title>\n<meta name=\"description\" content=\"The Louis Roederer Foundation has been supporting the Rencontres de la photographie in Arles for more than seven years, and fervently shares the festival&#039;s desire to promote photography and those involved in it. The Louis Roederer Foundation Discovery Award is the symbol of this shared commitment.\" \/>\n<meta name=\"robots\" content=\"index, follow, max-snippet:-1, max-image-preview:large, max-video-preview:-1\" \/>\n<link rel=\"canonical\" href=\"https:\/\/www.fondation-louisroederer.com\/en\/louis-roederer-foundation-discovery-award-2025\/\" \/>\n<meta property=\"og:locale\" content=\"en_US\" \/>\n<meta property=\"og:type\" content=\"article\" \/>\n<meta property=\"og:title\" content=\"Winners of the Louis Roederer Foundation Discovery Award 2025 - Fondation Louis Roederer\" \/>\n<meta property=\"og:description\" content=\"The Louis Roederer Foundation has been supporting the Rencontres de la photographie in Arles for more than seven years, and fervently shares the festival&#039;s desire to promote photography and those involved in it. The Louis Roederer Foundation Discovery Award is the symbol of this shared commitment.\" \/>\n<meta property=\"og:url\" content=\"https:\/\/www.fondation-louisroederer.com\/en\/louis-roederer-foundation-discovery-award-2025\/\" \/>\n<meta property=\"og:site_name\" content=\"Fondation Louis Roederer\" \/>\n<meta property=\"article:published_time\" content=\"2025-07-15T15:14:34+00:00\" \/>\n<meta property=\"article:modified_time\" content=\"2026-02-03T09:24:25+00:00\" \/>\n<meta property=\"og:image\" content=\"https:\/\/www.fondation-louisroederer.com\/wp-content\/uploads\/2025\/07\/2025-AGUI-05-scaled.jpg\" \/>\n\t<meta property=\"og:image:width\" content=\"2048\" \/>\n\t<meta property=\"og:image:height\" content=\"1365\" \/>\n\t<meta property=\"og:image:type\" content=\"image\/jpeg\" \/>\n<meta name=\"author\" content=\"Camille Hellegouarch\" \/>\n<meta name=\"twitter:card\" content=\"summary_large_image\" \/>\n<meta name=\"twitter:label1\" content=\"Written by\" \/>\n\t<meta name=\"twitter:data1\" content=\"Camille Hellegouarch\" \/>\n\t<meta name=\"twitter:label2\" content=\"Est. reading time\" \/>\n\t<meta name=\"twitter:data2\" content=\"1 minute\" \/>\n<script type=\"application\/ld+json\" class=\"yoast-schema-graph\">{\"@context\":\"https:\/\/schema.org\",\"@graph\":[{\"@type\":\"Article\",\"@id\":\"https:\/\/www.fondation-louisroederer.com\/en\/louis-roederer-foundation-discovery-award-2025\/#article\",\"isPartOf\":{\"@id\":\"https:\/\/www.fondation-louisroederer.com\/en\/louis-roederer-foundation-discovery-award-2025\/\"},\"author\":{\"name\":\"Camille Hellegouarch\",\"@id\":\"https:\/\/www.fondation-louisroederer.com\/en\/#\/schema\/person\/7d249e1050bb1d5f301db17cdbb7dcba\"},\"headline\":\"Winners of the Louis Roederer Foundation Discovery Award 2025\",\"datePublished\":\"2025-07-15T15:14:34+00:00\",\"dateModified\":\"2026-02-03T09:24:25+00:00\",\"mainEntityOfPage\":{\"@id\":\"https:\/\/www.fondation-louisroederer.com\/en\/louis-roederer-foundation-discovery-award-2025\/\"},\"wordCount\":8,\"publisher\":{\"@id\":\"https:\/\/www.fondation-louisroederer.com\/en\/#organization\"},\"image\":{\"@id\":\"https:\/\/www.fondation-louisroederer.com\/en\/louis-roederer-foundation-discovery-award-2025\/#primaryimage\"},\"thumbnailUrl\":\"https:\/\/www.fondation-louisroederer.com\/wp-content\/uploads\/2025\/07\/2025-AGUI-05-scaled.jpg\",\"articleSection\":[\"Non classifi\u00e9(e)\"],\"inLanguage\":\"en-US\"},{\"@type\":\"WebPage\",\"@id\":\"https:\/\/www.fondation-louisroederer.com\/en\/louis-roederer-foundation-discovery-award-2025\/\",\"url\":\"https:\/\/www.fondation-louisroederer.com\/en\/louis-roederer-foundation-discovery-award-2025\/\",\"name\":\"Winners of the Louis Roederer Foundation Discovery Award 2025 - Fondation Louis Roederer\",\"isPartOf\":{\"@id\":\"https:\/\/www.fondation-louisroederer.com\/en\/#website\"},\"primaryImageOfPage\":{\"@id\":\"https:\/\/www.fondation-louisroederer.com\/en\/louis-roederer-foundation-discovery-award-2025\/#primaryimage\"},\"image\":{\"@id\":\"https:\/\/www.fondation-louisroederer.com\/en\/louis-roederer-foundation-discovery-award-2025\/#primaryimage\"},\"thumbnailUrl\":\"https:\/\/www.fondation-louisroederer.com\/wp-content\/uploads\/2025\/07\/2025-AGUI-05-scaled.jpg\",\"datePublished\":\"2025-07-15T15:14:34+00:00\",\"dateModified\":\"2026-02-03T09:24:25+00:00\",\"description\":\"The Louis Roederer Foundation has been supporting the Rencontres de la photographie in Arles for more than seven years, and fervently shares the festival's desire to promote photography and those involved in it. The Louis Roederer Foundation Discovery Award is the symbol of this shared commitment.\",\"breadcrumb\":{\"@id\":\"https:\/\/www.fondation-louisroederer.com\/en\/louis-roederer-foundation-discovery-award-2025\/#breadcrumb\"},\"inLanguage\":\"en-US\",\"potentialAction\":[{\"@type\":\"ReadAction\",\"target\":[\"https:\/\/www.fondation-louisroederer.com\/en\/louis-roederer-foundation-discovery-award-2025\/\"]}]},{\"@type\":\"ImageObject\",\"inLanguage\":\"en-US\",\"@id\":\"https:\/\/www.fondation-louisroederer.com\/en\/louis-roederer-foundation-discovery-award-2025\/#primaryimage\",\"url\":\"https:\/\/www.fondation-louisroederer.com\/wp-content\/uploads\/2025\/07\/2025-AGUI-05-scaled.jpg\",\"contentUrl\":\"https:\/\/www.fondation-louisroederer.com\/wp-content\/uploads\/2025\/07\/2025-AGUI-05-scaled.jpg\",\"width\":2048,\"height\":1365},{\"@type\":\"BreadcrumbList\",\"@id\":\"https:\/\/www.fondation-louisroederer.com\/en\/louis-roederer-foundation-discovery-award-2025\/#breadcrumb\",\"itemListElement\":[{\"@type\":\"ListItem\",\"position\":1,\"name\":\"Home\",\"item\":\"https:\/\/www.fondation-louisroederer.com\/en\/\"},{\"@type\":\"ListItem\",\"position\":2,\"name\":\"Winners of the Louis Roederer Foundation Discovery Award 2025\"}]},{\"@type\":\"WebSite\",\"@id\":\"https:\/\/www.fondation-louisroederer.com\/en\/#website\",\"url\":\"https:\/\/www.fondation-louisroederer.com\/en\/\",\"name\":\"Fondation Louis Roederer\",\"description\":\"\",\"publisher\":{\"@id\":\"https:\/\/www.fondation-louisroederer.com\/en\/#organization\"},\"potentialAction\":[{\"@type\":\"SearchAction\",\"target\":{\"@type\":\"EntryPoint\",\"urlTemplate\":\"https:\/\/www.fondation-louisroederer.com\/en\/?s={search_term_string}\"},\"query-input\":{\"@type\":\"PropertyValueSpecification\",\"valueRequired\":true,\"valueName\":\"search_term_string\"}}],\"inLanguage\":\"en-US\"},{\"@type\":\"Organization\",\"@id\":\"https:\/\/www.fondation-louisroederer.com\/en\/#organization\",\"name\":\"Fondation Louis Roederer\",\"url\":\"https:\/\/www.fondation-louisroederer.com\/en\/\",\"logo\":{\"@type\":\"ImageObject\",\"inLanguage\":\"en-US\",\"@id\":\"https:\/\/www.fondation-louisroederer.com\/en\/#\/schema\/logo\/image\/\",\"url\":\"https:\/\/www.fondation-louisroederer.com\/wp-content\/uploads\/2024\/10\/logo.svg\",\"contentUrl\":\"https:\/\/www.fondation-louisroederer.com\/wp-content\/uploads\/2024\/10\/logo.svg\",\"width\":301,\"height\":72,\"caption\":\"Fondation Louis Roederer\"},\"image\":{\"@id\":\"https:\/\/www.fondation-louisroederer.com\/en\/#\/schema\/logo\/image\/\"}},{\"@type\":\"Person\",\"@id\":\"https:\/\/www.fondation-louisroederer.com\/en\/#\/schema\/person\/7d249e1050bb1d5f301db17cdbb7dcba\",\"name\":\"Camille Hellegouarch\",\"image\":{\"@type\":\"ImageObject\",\"inLanguage\":\"en-US\",\"@id\":\"https:\/\/www.fondation-louisroederer.com\/en\/#\/schema\/person\/image\/\",\"url\":\"https:\/\/secure.gravatar.com\/avatar\/bc711eb1fc7949dfd2eacee26f55f0a1f7929cf1fcc6415c20b317546f2b9ec1?s=96&d=mm&r=g\",\"contentUrl\":\"https:\/\/secure.gravatar.com\/avatar\/bc711eb1fc7949dfd2eacee26f55f0a1f7929cf1fcc6415c20b317546f2b9ec1?s=96&d=mm&r=g\",\"caption\":\"Camille Hellegouarch\"},\"sameAs\":[\"https:\/\/flr.projet-client.com\/\"],\"url\":\"https:\/\/www.fondation-louisroederer.com\/en\/author\/camille-hellegouarch\/\"}]}<\/script>\n<!-- \/ Yoast SEO plugin. -->","yoast_head_json":{"title":"Winners of the Louis Roederer Foundation Discovery Award 2025 - Fondation Louis Roederer","description":"The Louis Roederer Foundation has been supporting the Rencontres de la photographie in Arles for more than seven years, and fervently shares the festival's desire to promote photography and those involved in it. The Louis Roederer Foundation Discovery Award is the symbol of this shared commitment.","robots":{"index":"index","follow":"follow","max-snippet":"max-snippet:-1","max-image-preview":"max-image-preview:large","max-video-preview":"max-video-preview:-1"},"canonical":"https:\/\/www.fondation-louisroederer.com\/en\/louis-roederer-foundation-discovery-award-2025\/","og_locale":"en_US","og_type":"article","og_title":"Winners of the Louis Roederer Foundation Discovery Award 2025 - Fondation Louis Roederer","og_description":"The Louis Roederer Foundation has been supporting the Rencontres de la photographie in Arles for more than seven years, and fervently shares the festival's desire to promote photography and those involved in it. The Louis Roederer Foundation Discovery Award is the symbol of this shared commitment.","og_url":"https:\/\/www.fondation-louisroederer.com\/en\/louis-roederer-foundation-discovery-award-2025\/","og_site_name":"Fondation Louis Roederer","article_published_time":"2025-07-15T15:14:34+00:00","article_modified_time":"2026-02-03T09:24:25+00:00","og_image":[{"width":2048,"height":1365,"url":"https:\/\/www.fondation-louisroederer.com\/wp-content\/uploads\/2025\/07\/2025-AGUI-05-scaled.jpg","type":"image\/jpeg"}],"author":"Camille Hellegouarch","twitter_card":"summary_large_image","twitter_misc":{"Written by":"Camille Hellegouarch","Est. reading time":"1 minute"},"schema":{"@context":"https:\/\/schema.org","@graph":[{"@type":"Article","@id":"https:\/\/www.fondation-louisroederer.com\/en\/louis-roederer-foundation-discovery-award-2025\/#article","isPartOf":{"@id":"https:\/\/www.fondation-louisroederer.com\/en\/louis-roederer-foundation-discovery-award-2025\/"},"author":{"name":"Camille Hellegouarch","@id":"https:\/\/www.fondation-louisroederer.com\/en\/#\/schema\/person\/7d249e1050bb1d5f301db17cdbb7dcba"},"headline":"Winners of the Louis Roederer Foundation Discovery Award 2025","datePublished":"2025-07-15T15:14:34+00:00","dateModified":"2026-02-03T09:24:25+00:00","mainEntityOfPage":{"@id":"https:\/\/www.fondation-louisroederer.com\/en\/louis-roederer-foundation-discovery-award-2025\/"},"wordCount":8,"publisher":{"@id":"https:\/\/www.fondation-louisroederer.com\/en\/#organization"},"image":{"@id":"https:\/\/www.fondation-louisroederer.com\/en\/louis-roederer-foundation-discovery-award-2025\/#primaryimage"},"thumbnailUrl":"https:\/\/www.fondation-louisroederer.com\/wp-content\/uploads\/2025\/07\/2025-AGUI-05-scaled.jpg","articleSection":["Non classifi\u00e9(e)"],"inLanguage":"en-US"},{"@type":"WebPage","@id":"https:\/\/www.fondation-louisroederer.com\/en\/louis-roederer-foundation-discovery-award-2025\/","url":"https:\/\/www.fondation-louisroederer.com\/en\/louis-roederer-foundation-discovery-award-2025\/","name":"Winners of the Louis Roederer Foundation Discovery Award 2025 - Fondation Louis Roederer","isPartOf":{"@id":"https:\/\/www.fondation-louisroederer.com\/en\/#website"},"primaryImageOfPage":{"@id":"https:\/\/www.fondation-louisroederer.com\/en\/louis-roederer-foundation-discovery-award-2025\/#primaryimage"},"image":{"@id":"https:\/\/www.fondation-louisroederer.com\/en\/louis-roederer-foundation-discovery-award-2025\/#primaryimage"},"thumbnailUrl":"https:\/\/www.fondation-louisroederer.com\/wp-content\/uploads\/2025\/07\/2025-AGUI-05-scaled.jpg","datePublished":"2025-07-15T15:14:34+00:00","dateModified":"2026-02-03T09:24:25+00:00","description":"The Louis Roederer Foundation has been supporting the Rencontres de la photographie in Arles for more than seven years, and fervently shares the festival's desire to promote photography and those involved in it. The Louis Roederer Foundation Discovery Award is the symbol of this shared commitment.","breadcrumb":{"@id":"https:\/\/www.fondation-louisroederer.com\/en\/louis-roederer-foundation-discovery-award-2025\/#breadcrumb"},"inLanguage":"en-US","potentialAction":[{"@type":"ReadAction","target":["https:\/\/www.fondation-louisroederer.com\/en\/louis-roederer-foundation-discovery-award-2025\/"]}]},{"@type":"ImageObject","inLanguage":"en-US","@id":"https:\/\/www.fondation-louisroederer.com\/en\/louis-roederer-foundation-discovery-award-2025\/#primaryimage","url":"https:\/\/www.fondation-louisroederer.com\/wp-content\/uploads\/2025\/07\/2025-AGUI-05-scaled.jpg","contentUrl":"https:\/\/www.fondation-louisroederer.com\/wp-content\/uploads\/2025\/07\/2025-AGUI-05-scaled.jpg","width":2048,"height":1365},{"@type":"BreadcrumbList","@id":"https:\/\/www.fondation-louisroederer.com\/en\/louis-roederer-foundation-discovery-award-2025\/#breadcrumb","itemListElement":[{"@type":"ListItem","position":1,"name":"Home","item":"https:\/\/www.fondation-louisroederer.com\/en\/"},{"@type":"ListItem","position":2,"name":"Winners of the Louis Roederer Foundation Discovery Award 2025"}]},{"@type":"WebSite","@id":"https:\/\/www.fondation-louisroederer.com\/en\/#website","url":"https:\/\/www.fondation-louisroederer.com\/en\/","name":"Fondation Louis Roederer","description":"","publisher":{"@id":"https:\/\/www.fondation-louisroederer.com\/en\/#organization"},"potentialAction":[{"@type":"SearchAction","target":{"@type":"EntryPoint","urlTemplate":"https:\/\/www.fondation-louisroederer.com\/en\/?s={search_term_string}"},"query-input":{"@type":"PropertyValueSpecification","valueRequired":true,"valueName":"search_term_string"}}],"inLanguage":"en-US"},{"@type":"Organization","@id":"https:\/\/www.fondation-louisroederer.com\/en\/#organization","name":"Fondation Louis Roederer","url":"https:\/\/www.fondation-louisroederer.com\/en\/","logo":{"@type":"ImageObject","inLanguage":"en-US","@id":"https:\/\/www.fondation-louisroederer.com\/en\/#\/schema\/logo\/image\/","url":"https:\/\/www.fondation-louisroederer.com\/wp-content\/uploads\/2024\/10\/logo.svg","contentUrl":"https:\/\/www.fondation-louisroederer.com\/wp-content\/uploads\/2024\/10\/logo.svg","width":301,"height":72,"caption":"Fondation Louis Roederer"},"image":{"@id":"https:\/\/www.fondation-louisroederer.com\/en\/#\/schema\/logo\/image\/"}},{"@type":"Person","@id":"https:\/\/www.fondation-louisroederer.com\/en\/#\/schema\/person\/7d249e1050bb1d5f301db17cdbb7dcba","name":"Camille Hellegouarch","image":{"@type":"ImageObject","inLanguage":"en-US","@id":"https:\/\/www.fondation-louisroederer.com\/en\/#\/schema\/person\/image\/","url":"https:\/\/secure.gravatar.com\/avatar\/bc711eb1fc7949dfd2eacee26f55f0a1f7929cf1fcc6415c20b317546f2b9ec1?s=96&d=mm&r=g","contentUrl":"https:\/\/secure.gravatar.com\/avatar\/bc711eb1fc7949dfd2eacee26f55f0a1f7929cf1fcc6415c20b317546f2b9ec1?s=96&d=mm&r=g","caption":"Camille Hellegouarch"},"sameAs":["https:\/\/flr.projet-client.com\/"],"url":"https:\/\/www.fondation-louisroederer.com\/en\/author\/camille-hellegouarch\/"}]}},"_links":{"self":[{"href":"https:\/\/www.fondation-louisroederer.com\/en\/wp-json\/wp\/v2\/posts\/5991","targetHints":{"allow":["GET"]}}],"collection":[{"href":"https:\/\/www.fondation-louisroederer.com\/en\/wp-json\/wp\/v2\/posts"}],"about":[{"href":"https:\/\/www.fondation-louisroederer.com\/en\/wp-json\/wp\/v2\/types\/post"}],"author":[{"embeddable":true,"href":"https:\/\/www.fondation-louisroederer.com\/en\/wp-json\/wp\/v2\/users\/8"}],"replies":[{"embeddable":true,"href":"https:\/\/www.fondation-louisroederer.com\/en\/wp-json\/wp\/v2\/comments?post=5991"}],"version-history":[{"count":34,"href":"https:\/\/www.fondation-louisroederer.com\/en\/wp-json\/wp\/v2\/posts\/5991\/revisions"}],"predecessor-version":[{"id":6085,"href":"https:\/\/www.fondation-louisroederer.com\/en\/wp-json\/wp\/v2\/posts\/5991\/revisions\/6085"}],"wp:featuredmedia":[{"embeddable":true,"href":"https:\/\/www.fondation-louisroederer.com\/en\/wp-json\/wp\/v2\/media\/5985"}],"wp:attachment":[{"href":"https:\/\/www.fondation-louisroederer.com\/en\/wp-json\/wp\/v2\/media?parent=5991"}],"wp:term":[{"taxonomy":"category","embeddable":true,"href":"https:\/\/www.fondation-louisroederer.com\/en\/wp-json\/wp\/v2\/categories?post=5991"},{"taxonomy":"post_tag","embeddable":true,"href":"https:\/\/www.fondation-louisroederer.com\/en\/wp-json\/wp\/v2\/tags?post=5991"},{"taxonomy":"annee","embeddable":true,"href":"https:\/\/www.fondation-louisroederer.com\/en\/wp-json\/wp\/v2\/annee?post=5991"}],"curies":[{"name":"wp","href":"https:\/\/api.w.org\/{rel}","templated":true}]}}