{"id":6325,"date":"2017-10-18T10:25:00","date_gmt":"2017-10-18T10:25:00","guid":{"rendered":"https:\/\/www.fondation-louisroederer.com\/?p=6325"},"modified":"2025-07-31T10:26:27","modified_gmt":"2025-07-31T10:26:27","slug":"days-are-dogs","status":"publish","type":"post","link":"https:\/\/www.fondation-louisroederer.com\/en\/days-are-dogs\/","title":{"rendered":"Days are Dogs"},"content":{"rendered":"\n<p><\/p>\n\n\n\n        <header class=\"block-header\">\n\n                <div class=\"container\">\n            <div class=\"layout-pad-x\">\n              <p class=\"credit-txt\">\u00a9 Camille Henrot<\/p>\n            <\/div>\n          <\/div>\n                <div class=\"container \">\n          <div class=\"layout-pad-x \">\n            <h1 class=\"uppercase m-titre-t \">Days are Dogs<\/h1>\n          <\/div>\n        <\/div>\n          <\/header>\n\n    <section class=\"block-titre-parag bg-white layout-pad-small-y  pb-small-xx pt-small\">\n\n        <div class=\"container \">\n            <div class=\"layout-pad-x \">\n                <div class=\"w-50-desktop\">\n                                            <h2 class=\"h2-sm mb-1r\">18\/10\/2017<\/h2>\n                                    <\/div>\n\n                <div class=\"w-50-desktop\">\n                                                                        <div class=\"\">\n                                <p>The Louis Roederer Foundation is partnering Camille Henrot&#8217;s \u2018Days are Dogs\u2019 exhibition at the Palais de Tokyo.<\/p>\n                            <\/div>\n                                                                                        <\/div>\n            <\/div>\n        <\/div>\n\n\n\n    <\/section>\n\n\n\n<section class=\"block-quote layout-pad-y   \">\n    <div class=\"container\">\n        <div class=\"layout-pad-x flex-desktop  full\">\n            <div class=\"quote-wrapper \">\n                                <div class=\"quote-content\">\n                                            <div class=\"quote-txt small center\"><p>If anyone were to ask me why the Louis Roederer Foundation chose to accompany Camille Henrot on the immaculate carte blanche given to her by Jean de Loisy, I would say that our Foundation loves the concept of Days are Dogs and the simple idea that the week is a human invention.<\/p>\n<\/div>\n                                        <div class=\"quote-author no-img\">\n                                                <div class=\"quote-author-infos\">\n                                                            <p class=\"quote-author-name\">Michel Janneau <\/p>\n                                                                                        <p class=\"quote-author-fonction\">Secr\u00e9taire G\u00e9n\u00e9ral de la Fondation Louis Roederer<\/p>\n                                                    <\/div>\n                    <\/div>\n                <\/div>\n            <\/div>\n        <\/div>\n    <\/div>\n<\/section>\n\n    <section class=\"block-titre-parag bg-white layout-pad-small-y invert js-bg-scrolled bg-scrolled pb-small pt-small-xx\">\n\n        <div class=\"container \">\n            <div class=\"layout-pad-x \">\n                <div class=\"w-50-desktop\">\n                                    <\/div>\n\n                <div class=\"w-50-desktop\">\n                                                                        <div class=\"txt-sm\">\n                                <p>Then, there&#8217;s what you do with it: we&#8217;re very sensitive to the variety of works that Camille Henrot has brought together on this occasion, because she&#8217;s inviting international artists to join the fray in the same way as there are international rugby players&#8230; a real talent pack in the rugby sense of the word.<\/p>\n                            <\/div>\n                                                                                        <\/div>\n            <\/div>\n        <\/div>\n\n\n\n    <\/section>\n","protected":false},"excerpt":{"rendered":"","protected":false},"author":8,"featured_media":6310,"comment_status":"closed","ping_status":"closed","sticky":false,"template":"","format":"standard","meta":{"_acf_changed":false,"footnotes":""},"categories":[1],"tags":[],"annee":[250],"class_list":["post-6325","post","type-post","status-publish","format-standard","has-post-thumbnail","hentry","category-non-classifiee","annee-2017-en"],"acf":[],"yoast_head":"<!-- This site is optimized with the Yoast SEO plugin v26.9 - https:\/\/yoast.com\/product\/yoast-seo-wordpress\/ -->\n<title>Days are Dogs - Fondation Louis Roederer<\/title>\n<meta name=\"robots\" content=\"index, follow, max-snippet:-1, max-image-preview:large, max-video-preview:-1\" \/>\n<link rel=\"canonical\" href=\"https:\/\/www.fondation-louisroederer.com\/en\/days-are-dogs\/\" \/>\n<meta property=\"og:locale\" content=\"en_US\" \/>\n<meta property=\"og:type\" content=\"article\" \/>\n<meta property=\"og:title\" content=\"Days are Dogs - Fondation Louis Roederer\" \/>\n<meta property=\"og:url\" content=\"https:\/\/www.fondation-louisroederer.com\/en\/days-are-dogs\/\" \/>\n<meta property=\"og:site_name\" content=\"Fondation Louis Roederer\" \/>\n<meta property=\"article:published_time\" content=\"2017-10-18T10:25:00+00:00\" \/>\n<meta property=\"article:modified_time\" content=\"2025-07-31T10:26:27+00:00\" \/>\n<meta property=\"og:image\" content=\"https:\/\/www.fondation-louisroederer.com\/wp-content\/uploads\/2025\/07\/3-pdt-2017-camille-henrot-140.jpg\" \/>\n\t<meta property=\"og:image:width\" content=\"480\" \/>\n\t<meta property=\"og:image:height\" content=\"270\" \/>\n\t<meta property=\"og:image:type\" content=\"image\/jpeg\" \/>\n<meta name=\"author\" content=\"Camille Hellegouarch\" \/>\n<meta name=\"twitter:card\" content=\"summary_large_image\" \/>\n<meta name=\"twitter:label1\" content=\"Written by\" \/>\n\t<meta name=\"twitter:data1\" content=\"Camille Hellegouarch\" \/>\n\t<meta name=\"twitter:label2\" content=\"Est. reading time\" \/>\n\t<meta name=\"twitter:data2\" content=\"1 minute\" \/>\n<script type=\"application\/ld+json\" class=\"yoast-schema-graph\">{\"@context\":\"https:\/\/schema.org\",\"@graph\":[{\"@type\":\"Article\",\"@id\":\"https:\/\/www.fondation-louisroederer.com\/en\/days-are-dogs\/#article\",\"isPartOf\":{\"@id\":\"https:\/\/www.fondation-louisroederer.com\/en\/days-are-dogs\/\"},\"author\":{\"name\":\"Camille Hellegouarch\",\"@id\":\"https:\/\/www.fondation-louisroederer.com\/en\/#\/schema\/person\/7d249e1050bb1d5f301db17cdbb7dcba\"},\"headline\":\"Days are Dogs\",\"datePublished\":\"2017-10-18T10:25:00+00:00\",\"dateModified\":\"2025-07-31T10:26:27+00:00\",\"mainEntityOfPage\":{\"@id\":\"https:\/\/www.fondation-louisroederer.com\/en\/days-are-dogs\/\"},\"wordCount\":3,\"publisher\":{\"@id\":\"https:\/\/www.fondation-louisroederer.com\/en\/#organization\"},\"image\":{\"@id\":\"https:\/\/www.fondation-louisroederer.com\/en\/days-are-dogs\/#primaryimage\"},\"thumbnailUrl\":\"https:\/\/www.fondation-louisroederer.com\/wp-content\/uploads\/2025\/07\/3-pdt-2017-camille-henrot-140.jpg\",\"articleSection\":[\"Non classifi\u00e9(e)\"],\"inLanguage\":\"en-US\"},{\"@type\":\"WebPage\",\"@id\":\"https:\/\/www.fondation-louisroederer.com\/en\/days-are-dogs\/\",\"url\":\"https:\/\/www.fondation-louisroederer.com\/en\/days-are-dogs\/\",\"name\":\"Days are Dogs - Fondation Louis Roederer\",\"isPartOf\":{\"@id\":\"https:\/\/www.fondation-louisroederer.com\/en\/#website\"},\"primaryImageOfPage\":{\"@id\":\"https:\/\/www.fondation-louisroederer.com\/en\/days-are-dogs\/#primaryimage\"},\"image\":{\"@id\":\"https:\/\/www.fondation-louisroederer.com\/en\/days-are-dogs\/#primaryimage\"},\"thumbnailUrl\":\"https:\/\/www.fondation-louisroederer.com\/wp-content\/uploads\/2025\/07\/3-pdt-2017-camille-henrot-140.jpg\",\"datePublished\":\"2017-10-18T10:25:00+00:00\",\"dateModified\":\"2025-07-31T10:26:27+00:00\",\"breadcrumb\":{\"@id\":\"https:\/\/www.fondation-louisroederer.com\/en\/days-are-dogs\/#breadcrumb\"},\"inLanguage\":\"en-US\",\"potentialAction\":[{\"@type\":\"ReadAction\",\"target\":[\"https:\/\/www.fondation-louisroederer.com\/en\/days-are-dogs\/\"]}]},{\"@type\":\"ImageObject\",\"inLanguage\":\"en-US\",\"@id\":\"https:\/\/www.fondation-louisroederer.com\/en\/days-are-dogs\/#primaryimage\",\"url\":\"https:\/\/www.fondation-louisroederer.com\/wp-content\/uploads\/2025\/07\/3-pdt-2017-camille-henrot-140.jpg\",\"contentUrl\":\"https:\/\/www.fondation-louisroederer.com\/wp-content\/uploads\/2025\/07\/3-pdt-2017-camille-henrot-140.jpg\",\"width\":480,\"height\":270},{\"@type\":\"BreadcrumbList\",\"@id\":\"https:\/\/www.fondation-louisroederer.com\/en\/days-are-dogs\/#breadcrumb\",\"itemListElement\":[{\"@type\":\"ListItem\",\"position\":1,\"name\":\"Home\",\"item\":\"https:\/\/www.fondation-louisroederer.com\/en\/\"},{\"@type\":\"ListItem\",\"position\":2,\"name\":\"Days are Dogs\"}]},{\"@type\":\"WebSite\",\"@id\":\"https:\/\/www.fondation-louisroederer.com\/en\/#website\",\"url\":\"https:\/\/www.fondation-louisroederer.com\/en\/\",\"name\":\"Fondation Louis Roederer\",\"description\":\"\",\"publisher\":{\"@id\":\"https:\/\/www.fondation-louisroederer.com\/en\/#organization\"},\"potentialAction\":[{\"@type\":\"SearchAction\",\"target\":{\"@type\":\"EntryPoint\",\"urlTemplate\":\"https:\/\/www.fondation-louisroederer.com\/en\/?s={search_term_string}\"},\"query-input\":{\"@type\":\"PropertyValueSpecification\",\"valueRequired\":true,\"valueName\":\"search_term_string\"}}],\"inLanguage\":\"en-US\"},{\"@type\":\"Organization\",\"@id\":\"https:\/\/www.fondation-louisroederer.com\/en\/#organization\",\"name\":\"Fondation Louis Roederer\",\"url\":\"https:\/\/www.fondation-louisroederer.com\/en\/\",\"logo\":{\"@type\":\"ImageObject\",\"inLanguage\":\"en-US\",\"@id\":\"https:\/\/www.fondation-louisroederer.com\/en\/#\/schema\/logo\/image\/\",\"url\":\"https:\/\/www.fondation-louisroederer.com\/wp-content\/uploads\/2024\/10\/logo.svg\",\"contentUrl\":\"https:\/\/www.fondation-louisroederer.com\/wp-content\/uploads\/2024\/10\/logo.svg\",\"width\":301,\"height\":72,\"caption\":\"Fondation Louis Roederer\"},\"image\":{\"@id\":\"https:\/\/www.fondation-louisroederer.com\/en\/#\/schema\/logo\/image\/\"}},{\"@type\":\"Person\",\"@id\":\"https:\/\/www.fondation-louisroederer.com\/en\/#\/schema\/person\/7d249e1050bb1d5f301db17cdbb7dcba\",\"name\":\"Camille Hellegouarch\",\"image\":{\"@type\":\"ImageObject\",\"inLanguage\":\"en-US\",\"@id\":\"https:\/\/www.fondation-louisroederer.com\/en\/#\/schema\/person\/image\/\",\"url\":\"https:\/\/secure.gravatar.com\/avatar\/bc711eb1fc7949dfd2eacee26f55f0a1f7929cf1fcc6415c20b317546f2b9ec1?s=96&d=mm&r=g\",\"contentUrl\":\"https:\/\/secure.gravatar.com\/avatar\/bc711eb1fc7949dfd2eacee26f55f0a1f7929cf1fcc6415c20b317546f2b9ec1?s=96&d=mm&r=g\",\"caption\":\"Camille Hellegouarch\"},\"sameAs\":[\"https:\/\/flr.projet-client.com\/\"],\"url\":\"https:\/\/www.fondation-louisroederer.com\/en\/author\/camille-hellegouarch\/\"}]}<\/script>\n<!-- \/ Yoast SEO plugin. -->","yoast_head_json":{"title":"Days are Dogs - Fondation Louis Roederer","robots":{"index":"index","follow":"follow","max-snippet":"max-snippet:-1","max-image-preview":"max-image-preview:large","max-video-preview":"max-video-preview:-1"},"canonical":"https:\/\/www.fondation-louisroederer.com\/en\/days-are-dogs\/","og_locale":"en_US","og_type":"article","og_title":"Days are Dogs - Fondation Louis Roederer","og_url":"https:\/\/www.fondation-louisroederer.com\/en\/days-are-dogs\/","og_site_name":"Fondation Louis Roederer","article_published_time":"2017-10-18T10:25:00+00:00","article_modified_time":"2025-07-31T10:26:27+00:00","og_image":[{"width":480,"height":270,"url":"https:\/\/www.fondation-louisroederer.com\/wp-content\/uploads\/2025\/07\/3-pdt-2017-camille-henrot-140.jpg","type":"image\/jpeg"}],"author":"Camille Hellegouarch","twitter_card":"summary_large_image","twitter_misc":{"Written by":"Camille Hellegouarch","Est. reading time":"1 minute"},"schema":{"@context":"https:\/\/schema.org","@graph":[{"@type":"Article","@id":"https:\/\/www.fondation-louisroederer.com\/en\/days-are-dogs\/#article","isPartOf":{"@id":"https:\/\/www.fondation-louisroederer.com\/en\/days-are-dogs\/"},"author":{"name":"Camille Hellegouarch","@id":"https:\/\/www.fondation-louisroederer.com\/en\/#\/schema\/person\/7d249e1050bb1d5f301db17cdbb7dcba"},"headline":"Days are Dogs","datePublished":"2017-10-18T10:25:00+00:00","dateModified":"2025-07-31T10:26:27+00:00","mainEntityOfPage":{"@id":"https:\/\/www.fondation-louisroederer.com\/en\/days-are-dogs\/"},"wordCount":3,"publisher":{"@id":"https:\/\/www.fondation-louisroederer.com\/en\/#organization"},"image":{"@id":"https:\/\/www.fondation-louisroederer.com\/en\/days-are-dogs\/#primaryimage"},"thumbnailUrl":"https:\/\/www.fondation-louisroederer.com\/wp-content\/uploads\/2025\/07\/3-pdt-2017-camille-henrot-140.jpg","articleSection":["Non classifi\u00e9(e)"],"inLanguage":"en-US"},{"@type":"WebPage","@id":"https:\/\/www.fondation-louisroederer.com\/en\/days-are-dogs\/","url":"https:\/\/www.fondation-louisroederer.com\/en\/days-are-dogs\/","name":"Days are Dogs - Fondation Louis Roederer","isPartOf":{"@id":"https:\/\/www.fondation-louisroederer.com\/en\/#website"},"primaryImageOfPage":{"@id":"https:\/\/www.fondation-louisroederer.com\/en\/days-are-dogs\/#primaryimage"},"image":{"@id":"https:\/\/www.fondation-louisroederer.com\/en\/days-are-dogs\/#primaryimage"},"thumbnailUrl":"https:\/\/www.fondation-louisroederer.com\/wp-content\/uploads\/2025\/07\/3-pdt-2017-camille-henrot-140.jpg","datePublished":"2017-10-18T10:25:00+00:00","dateModified":"2025-07-31T10:26:27+00:00","breadcrumb":{"@id":"https:\/\/www.fondation-louisroederer.com\/en\/days-are-dogs\/#breadcrumb"},"inLanguage":"en-US","potentialAction":[{"@type":"ReadAction","target":["https:\/\/www.fondation-louisroederer.com\/en\/days-are-dogs\/"]}]},{"@type":"ImageObject","inLanguage":"en-US","@id":"https:\/\/www.fondation-louisroederer.com\/en\/days-are-dogs\/#primaryimage","url":"https:\/\/www.fondation-louisroederer.com\/wp-content\/uploads\/2025\/07\/3-pdt-2017-camille-henrot-140.jpg","contentUrl":"https:\/\/www.fondation-louisroederer.com\/wp-content\/uploads\/2025\/07\/3-pdt-2017-camille-henrot-140.jpg","width":480,"height":270},{"@type":"BreadcrumbList","@id":"https:\/\/www.fondation-louisroederer.com\/en\/days-are-dogs\/#breadcrumb","itemListElement":[{"@type":"ListItem","position":1,"name":"Home","item":"https:\/\/www.fondation-louisroederer.com\/en\/"},{"@type":"ListItem","position":2,"name":"Days are Dogs"}]},{"@type":"WebSite","@id":"https:\/\/www.fondation-louisroederer.com\/en\/#website","url":"https:\/\/www.fondation-louisroederer.com\/en\/","name":"Fondation Louis Roederer","description":"","publisher":{"@id":"https:\/\/www.fondation-louisroederer.com\/en\/#organization"},"potentialAction":[{"@type":"SearchAction","target":{"@type":"EntryPoint","urlTemplate":"https:\/\/www.fondation-louisroederer.com\/en\/?s={search_term_string}"},"query-input":{"@type":"PropertyValueSpecification","valueRequired":true,"valueName":"search_term_string"}}],"inLanguage":"en-US"},{"@type":"Organization","@id":"https:\/\/www.fondation-louisroederer.com\/en\/#organization","name":"Fondation Louis Roederer","url":"https:\/\/www.fondation-louisroederer.com\/en\/","logo":{"@type":"ImageObject","inLanguage":"en-US","@id":"https:\/\/www.fondation-louisroederer.com\/en\/#\/schema\/logo\/image\/","url":"https:\/\/www.fondation-louisroederer.com\/wp-content\/uploads\/2024\/10\/logo.svg","contentUrl":"https:\/\/www.fondation-louisroederer.com\/wp-content\/uploads\/2024\/10\/logo.svg","width":301,"height":72,"caption":"Fondation Louis Roederer"},"image":{"@id":"https:\/\/www.fondation-louisroederer.com\/en\/#\/schema\/logo\/image\/"}},{"@type":"Person","@id":"https:\/\/www.fondation-louisroederer.com\/en\/#\/schema\/person\/7d249e1050bb1d5f301db17cdbb7dcba","name":"Camille Hellegouarch","image":{"@type":"ImageObject","inLanguage":"en-US","@id":"https:\/\/www.fondation-louisroederer.com\/en\/#\/schema\/person\/image\/","url":"https:\/\/secure.gravatar.com\/avatar\/bc711eb1fc7949dfd2eacee26f55f0a1f7929cf1fcc6415c20b317546f2b9ec1?s=96&d=mm&r=g","contentUrl":"https:\/\/secure.gravatar.com\/avatar\/bc711eb1fc7949dfd2eacee26f55f0a1f7929cf1fcc6415c20b317546f2b9ec1?s=96&d=mm&r=g","caption":"Camille Hellegouarch"},"sameAs":["https:\/\/flr.projet-client.com\/"],"url":"https:\/\/www.fondation-louisroederer.com\/en\/author\/camille-hellegouarch\/"}]}},"_links":{"self":[{"href":"https:\/\/www.fondation-louisroederer.com\/en\/wp-json\/wp\/v2\/posts\/6325","targetHints":{"allow":["GET"]}}],"collection":[{"href":"https:\/\/www.fondation-louisroederer.com\/en\/wp-json\/wp\/v2\/posts"}],"about":[{"href":"https:\/\/www.fondation-louisroederer.com\/en\/wp-json\/wp\/v2\/types\/post"}],"author":[{"embeddable":true,"href":"https:\/\/www.fondation-louisroederer.com\/en\/wp-json\/wp\/v2\/users\/8"}],"replies":[{"embeddable":true,"href":"https:\/\/www.fondation-louisroederer.com\/en\/wp-json\/wp\/v2\/comments?post=6325"}],"version-history":[{"count":1,"href":"https:\/\/www.fondation-louisroederer.com\/en\/wp-json\/wp\/v2\/posts\/6325\/revisions"}],"predecessor-version":[{"id":6326,"href":"https:\/\/www.fondation-louisroederer.com\/en\/wp-json\/wp\/v2\/posts\/6325\/revisions\/6326"}],"wp:featuredmedia":[{"embeddable":true,"href":"https:\/\/www.fondation-louisroederer.com\/en\/wp-json\/wp\/v2\/media\/6310"}],"wp:attachment":[{"href":"https:\/\/www.fondation-louisroederer.com\/en\/wp-json\/wp\/v2\/media?parent=6325"}],"wp:term":[{"taxonomy":"category","embeddable":true,"href":"https:\/\/www.fondation-louisroederer.com\/en\/wp-json\/wp\/v2\/categories?post=6325"},{"taxonomy":"post_tag","embeddable":true,"href":"https:\/\/www.fondation-louisroederer.com\/en\/wp-json\/wp\/v2\/tags?post=6325"},{"taxonomy":"annee","embeddable":true,"href":"https:\/\/www.fondation-louisroederer.com\/en\/wp-json\/wp\/v2\/annee?post=6325"}],"curies":[{"name":"wp","href":"https:\/\/api.w.org\/{rel}","templated":true}]}}