{"id":6890,"date":"2026-01-27T13:44:46","date_gmt":"2026-01-27T13:44:46","guid":{"rendered":"https:\/\/www.fondation-louisroederer.com\/prix-decouverte-fondation-louis-roederer-2026\/"},"modified":"2026-02-03T09:06:28","modified_gmt":"2026-02-03T09:06:28","slug":"prix-decouverte-fondation-louis-roederer-2026","status":"publish","type":"post","link":"https:\/\/www.fondation-louisroederer.com\/en\/prix-decouverte-fondation-louis-roederer-2026\/","title":{"rendered":"Louis Roederer Foundation Discovery Award 2026"},"content":{"rendered":"\n        <header class=\"block-header\">\n\n              <div class=\"container \">\n          <div class=\"layout-pad-x \">\n            <h1 class=\"uppercase m-titre-t h2-lg\">Louis Roederer Foundation Discovery Award 2026<\/h1>\n          <\/div>\n        <\/div>\n          <\/header>\n\n    <section class=\"block-titre-parag bg-white layout-pad-small-y  pb-small-xx pt-small-xx\">\n\n        <div class=\"container \">\n            <div class=\"layout-pad-x \">\n                <div class=\"w-50-desktop\">\n                                            <h2 class=\"h2-sm mb-1r\">27\/01\/2026<\/h2>\n                                    <\/div>\n\n                <div class=\"w-50-desktop\">\n                                                                        <div class=\"\">\n                                <p>Since 2018, the Louis Roederer Foundation has been supporting the emergence of new perspectives in photography through the Discovery Award of the Rencontres d\u2019Arles that involves galleries, art centers, associative spaces and institutions who can submit a project by an artist whose work deserves to be discovered.<\/p>\n                            <\/div>\n                                                                                        <\/div>\n            <\/div>\n        <\/div>\n\n\n\n    <\/section>\n\n\n  <section class=\"block-image-texte bg-white layout-pad-y \">\n                <div class=\"container\">\n        <div class=\"layout-pad-x flex-desktop \">\n          <div class=\"w-50-desktop\">\n                                          <img decoding=\"async\" width=\"2000\" height=\"2000\" src=\"https:\/\/www.fondation-louisroederer.com\/wp-content\/uploads\/2026\/01\/2026-arles-pd-web-2000-rose.jpg\" class=\"attachment-full size-full\" alt=\"\" srcset=\"https:\/\/www.fondation-louisroederer.com\/wp-content\/uploads\/2026\/01\/2026-arles-pd-web-2000-rose.jpg 2000w, https:\/\/www.fondation-louisroederer.com\/wp-content\/uploads\/2026\/01\/2026-arles-pd-web-2000-rose-300x300.jpg 300w, https:\/\/www.fondation-louisroederer.com\/wp-content\/uploads\/2026\/01\/2026-arles-pd-web-2000-rose-1024x1024.jpg 1024w, https:\/\/www.fondation-louisroederer.com\/wp-content\/uploads\/2026\/01\/2026-arles-pd-web-2000-rose-150x150.jpg 150w, https:\/\/www.fondation-louisroederer.com\/wp-content\/uploads\/2026\/01\/2026-arles-pd-web-2000-rose-768x768.jpg 768w, https:\/\/www.fondation-louisroederer.com\/wp-content\/uploads\/2026\/01\/2026-arles-pd-web-2000-rose-1536x1536.jpg 1536w\" sizes=\"(max-width: 2000px) 100vw, 2000px\" \/>                                  <p class=\"credit-txt\">\u00a9 Les Rencontres de la Photographie, Arles<\/p>\n                                                    <\/div>\n\n          <div class=\"w-50-desktop block-image-texte--content\">\n            <div>\n                                            <p>This year, the selection committee, including <strong>Christoph Wiesner<\/strong> &#8211; director of the Rencontres d\u2019Arles &#8211; and <strong>Nadine Hounkpatin <\/strong>&#8211; guest curator of the 2026 edition of the Louis Roederer Foundation Discovery Award &#8211; has selected 7 projects, from over 300 applications received from all over the world, that will be exhibited in Arles <strong>from July 6 to October 4, 2026<\/strong>.<\/p>\n                                        <\/div>\n\n          <\/div>\n        <\/div>\n\n      <\/div>\n\n    \n  <\/section>\n\n\n\n<section class=\"block-quote layout-pad-y  small-margin-top small-margin-bottom\">\n    <div class=\"container\">\n        <div class=\"layout-pad-x flex-desktop  full\">\n            <div class=\"quote-wrapper \">\n                                <div class=\"quote-content\">\n                                            <div class=\"quote-txt small center\"><p>The best way to tell the truth&#8230; might be to accept that in photography, it is neither immediate nor neutral. The seven artists brought together for the 2026 Discovery Award show that truth is constructed through relationships, proximity and the engagement of bodies, memories and legacies. Rooted in multiple cultural and historical narratives, activated by ritual, movement or intimate archives, photographic truth becomes processual and situated. It embraces subjectivity as an ethical, critical and political condition for accessing a reality that is always in flux, never given once and for all. On the contrary, this reality is constructed, sometimes contested and always transformed through these multiple and committed perspectives.<\/p>\n<p>&nbsp;<\/p>\n<\/div>\n                                        <div class=\"quote-author no-img\">\n                                                <div class=\"quote-author-infos\">\n                                                            <p class=\"quote-author-name\">Nadine Hounkpatin<\/p>\n                                                                                        <p class=\"quote-author-fonction\">Guest Curator<\/p>\n                                                    <\/div>\n                    <\/div>\n                <\/div>\n            <\/div>\n        <\/div>\n    <\/div>\n<\/section>\n\n    <section class=\"block-titre-parag bg-white layout-pad-small-y  pb-small pt-small\">\n\n        <div class=\"container \">\n            <div class=\"layout-pad-x \">\n                <div class=\"w-50-desktop\">\n                                            <h2 class=\"h2-sm mb-1r\">The selected artists<\/h2>\n                                    <\/div>\n\n                <div class=\"w-50-desktop\">\n                                                                        <div class=\"\">\n                                <ul>\n<li><strong>Souleymane Bachir Diaw<\/strong> (Senegal) presented by <strong>La.ima<\/strong> (France)<\/li>\n<li><strong>Jordan Beal<\/strong> (Martinique, France) presented by <strong>La Station Culturelle<\/strong> (Martinique, France)<\/li>\n<li><strong>Amira Lamti<\/strong> (Tunisia) presented by <strong>Doors<\/strong> (France \/ China)<\/li>\n<li><strong>Mallory Lowe Mpoka <\/strong>(Canada \/ Belgium \/ Cameroon) presented by <strong>Occurrence<\/strong> (Canada).<\/li>\n<li><strong>Magali Paulin <\/strong>(France) presented by <strong>doubledummy <\/strong>(France)<\/li>\n<li><strong>Phan Quang<\/strong> (Vietnam) presented by <strong>Galerie Bao<\/strong> (France)<\/li>\n<li><strong>Charlotte Yonga<\/strong> (France \/ Cameroon) presented by <strong>Fondation H<\/strong> (Madagascar)<\/li>\n<\/ul>\n<p><a href=\"#_ftnref1\" name=\"_ftn1\"><\/a><\/p>\n                            <\/div>\n                                                                                        <\/div>\n            <\/div>\n        <\/div>\n\n\n\n    <\/section>\n\n\n\n<section class=\"block-mosaique bg-white layout-pad-y js-bg-scrolled bg-scrolled invert\">\n    <div class=\"container \">\n                <div class=\"layout-pad-x layout-mansonry hidden-mobile   \">\n                                                                                            <div class=\"layout-mansonry__img\">\n                            <img decoding=\"async\" width=\"1152\" height=\"2048\" src=\"https:\/\/www.fondation-louisroederer.com\/wp-content\/uploads\/2026\/01\/Phan-Quang-\u00a9-Phan-Quang-scaled.jpg\" class=\"attachment-full size-full\" alt=\"\" srcset=\"https:\/\/www.fondation-louisroederer.com\/wp-content\/uploads\/2026\/01\/Phan-Quang-\u00a9-Phan-Quang-scaled.jpg 1152w, https:\/\/www.fondation-louisroederer.com\/wp-content\/uploads\/2026\/01\/Phan-Quang-\u00a9-Phan-Quang-169x300.jpg 169w, https:\/\/www.fondation-louisroederer.com\/wp-content\/uploads\/2026\/01\/Phan-Quang-\u00a9-Phan-Quang-576x1024.jpg 576w, https:\/\/www.fondation-louisroederer.com\/wp-content\/uploads\/2026\/01\/Phan-Quang-\u00a9-Phan-Quang-768x1365.jpg 768w, https:\/\/www.fondation-louisroederer.com\/wp-content\/uploads\/2026\/01\/Phan-Quang-\u00a9-Phan-Quang-864x1536.jpg 864w\" sizes=\"(max-width: 1152px) 100vw, 1152px\" \/>                                                            <p class=\"credit-txt\">\n                                    Phan Quang \u00a9 Phan Quang                                <\/p>\n                                                    <\/div>\n                                                                                                    <div class=\"layout-mansonry__img\">\n                            <img decoding=\"async\" width=\"1536\" height=\"2048\" src=\"https:\/\/www.fondation-louisroederer.com\/wp-content\/uploads\/2026\/01\/Souleymane-Bachir-Diaw-\u00a9-Marc-Posso-scaled.jpg\" class=\"attachment-full size-full\" alt=\"\" srcset=\"https:\/\/www.fondation-louisroederer.com\/wp-content\/uploads\/2026\/01\/Souleymane-Bachir-Diaw-\u00a9-Marc-Posso-scaled.jpg 1536w, https:\/\/www.fondation-louisroederer.com\/wp-content\/uploads\/2026\/01\/Souleymane-Bachir-Diaw-\u00a9-Marc-Posso-225x300.jpg 225w, https:\/\/www.fondation-louisroederer.com\/wp-content\/uploads\/2026\/01\/Souleymane-Bachir-Diaw-\u00a9-Marc-Posso-768x1024.jpg 768w, https:\/\/www.fondation-louisroederer.com\/wp-content\/uploads\/2026\/01\/Souleymane-Bachir-Diaw-\u00a9-Marc-Posso-1152x1536.jpg 1152w\" sizes=\"(max-width: 1536px) 100vw, 1536px\" \/>                                                            <p class=\"credit-txt\">\n                                    Souleymane Bachir \u00a9 Marc Posso                                <\/p>\n                                                    <\/div>\n                                                                                                    <div class=\"layout-mansonry__img\">\n                            <img decoding=\"async\" width=\"1280\" height=\"961\" src=\"https:\/\/www.fondation-louisroederer.com\/wp-content\/uploads\/2026\/01\/Amira-Lamti-\u00a9-Amira-Lamti.jpeg\" class=\"attachment-full size-full\" alt=\"\" srcset=\"https:\/\/www.fondation-louisroederer.com\/wp-content\/uploads\/2026\/01\/Amira-Lamti-\u00a9-Amira-Lamti.jpeg 1280w, https:\/\/www.fondation-louisroederer.com\/wp-content\/uploads\/2026\/01\/Amira-Lamti-\u00a9-Amira-Lamti-300x225.jpeg 300w, https:\/\/www.fondation-louisroederer.com\/wp-content\/uploads\/2026\/01\/Amira-Lamti-\u00a9-Amira-Lamti-1024x769.jpeg 1024w, https:\/\/www.fondation-louisroederer.com\/wp-content\/uploads\/2026\/01\/Amira-Lamti-\u00a9-Amira-Lamti-768x577.jpeg 768w\" sizes=\"(max-width: 1280px) 100vw, 1280px\" \/>                                                            <p class=\"credit-txt\">\n                                    Amira Lamti \u00a9 Amira Lamti                                <\/p>\n                                                    <\/div>\n                                                                                                    <div class=\"layout-mansonry__img\">\n                            <img decoding=\"async\" width=\"996\" height=\"1300\" src=\"https:\/\/www.fondation-louisroederer.com\/wp-content\/uploads\/2026\/01\/Mallory-Lowe-Mpoka-\u00a9-Odeon-Davis.png\" class=\"attachment-full size-full\" alt=\"\" srcset=\"https:\/\/www.fondation-louisroederer.com\/wp-content\/uploads\/2026\/01\/Mallory-Lowe-Mpoka-\u00a9-Odeon-Davis.png 996w, https:\/\/www.fondation-louisroederer.com\/wp-content\/uploads\/2026\/01\/Mallory-Lowe-Mpoka-\u00a9-Odeon-Davis-230x300.png 230w, https:\/\/www.fondation-louisroederer.com\/wp-content\/uploads\/2026\/01\/Mallory-Lowe-Mpoka-\u00a9-Odeon-Davis-785x1024.png 785w, https:\/\/www.fondation-louisroederer.com\/wp-content\/uploads\/2026\/01\/Mallory-Lowe-Mpoka-\u00a9-Odeon-Davis-768x1002.png 768w\" sizes=\"(max-width: 996px) 100vw, 996px\" \/>                                                            <p class=\"credit-txt\">\n                                    Mallory Lowe Mpoka \u00a9 Od\u00e9on Davis                                <\/p>\n                                                    <\/div>\n                                                                                                    <div class=\"layout-mansonry__img\">\n                            <img decoding=\"async\" width=\"1638\" height=\"2048\" src=\"https:\/\/www.fondation-louisroederer.com\/wp-content\/uploads\/2026\/01\/Magali-Paulin-\u00a9-Francois-Deladerriere-scaled.jpg\" class=\"attachment-full size-full\" alt=\"\" srcset=\"https:\/\/www.fondation-louisroederer.com\/wp-content\/uploads\/2026\/01\/Magali-Paulin-\u00a9-Francois-Deladerriere-scaled.jpg 1638w, https:\/\/www.fondation-louisroederer.com\/wp-content\/uploads\/2026\/01\/Magali-Paulin-\u00a9-Francois-Deladerriere-240x300.jpg 240w, https:\/\/www.fondation-louisroederer.com\/wp-content\/uploads\/2026\/01\/Magali-Paulin-\u00a9-Francois-Deladerriere-819x1024.jpg 819w, https:\/\/www.fondation-louisroederer.com\/wp-content\/uploads\/2026\/01\/Magali-Paulin-\u00a9-Francois-Deladerriere-768x960.jpg 768w, https:\/\/www.fondation-louisroederer.com\/wp-content\/uploads\/2026\/01\/Magali-Paulin-\u00a9-Francois-Deladerriere-1229x1536.jpg 1229w\" sizes=\"(max-width: 1638px) 100vw, 1638px\" \/>                                                            <p class=\"credit-txt\">\n                                    Magali Paulin \u00a9 Fran\u00e7ois Deladerri\u00e8re                                 <\/p>\n                                                    <\/div>\n                                                                                                    <div class=\"layout-mansonry__img\">\n                            <img decoding=\"async\" width=\"1703\" height=\"2048\" src=\"https:\/\/www.fondation-louisroederer.com\/wp-content\/uploads\/2026\/01\/Jordan-Beal-scaled.jpg\" class=\"attachment-full size-full\" alt=\"\" srcset=\"https:\/\/www.fondation-louisroederer.com\/wp-content\/uploads\/2026\/01\/Jordan-Beal-scaled.jpg 1703w, https:\/\/www.fondation-louisroederer.com\/wp-content\/uploads\/2026\/01\/Jordan-Beal-249x300.jpg 249w, https:\/\/www.fondation-louisroederer.com\/wp-content\/uploads\/2026\/01\/Jordan-Beal-851x1024.jpg 851w, https:\/\/www.fondation-louisroederer.com\/wp-content\/uploads\/2026\/01\/Jordan-Beal-768x924.jpg 768w, https:\/\/www.fondation-louisroederer.com\/wp-content\/uploads\/2026\/01\/Jordan-Beal-1277x1536.jpg 1277w\" sizes=\"(max-width: 1703px) 100vw, 1703px\" \/>                                                            <p class=\"credit-txt\">\n                                    Jordan Beal \u00a9 Jordan Beal                                <\/p>\n                                                    <\/div>\n                                                                                                    <div class=\"layout-mansonry__img\">\n                            <img decoding=\"async\" width=\"7815\" height=\"11146\" src=\"https:\/\/www.fondation-louisroederer.com\/wp-content\/uploads\/2026\/01\/Charlotte-Yonga-\u00a9-Raphael-Goutte.jpg\" class=\"attachment-full size-full\" alt=\"\" \/>                                                            <p class=\"credit-txt\">\n                                    Charlotte Yonga \u00a9 Rapha\u00ebl Goutte                                <\/p>\n                                                    <\/div>\n                                                        <\/div>\n        <div class=\"swiper swiper-mosaique hidden-desktop\">\n            <div class=\"swiper-wrapper\">\n                                                                                                                <div class=\"swiper-slide\">\n                                <img decoding=\"async\" width=\"1152\" height=\"2048\" src=\"https:\/\/www.fondation-louisroederer.com\/wp-content\/uploads\/2026\/01\/Phan-Quang-\u00a9-Phan-Quang-scaled.jpg\" class=\"attachment-full size-full\" alt=\"\" srcset=\"https:\/\/www.fondation-louisroederer.com\/wp-content\/uploads\/2026\/01\/Phan-Quang-\u00a9-Phan-Quang-scaled.jpg 1152w, https:\/\/www.fondation-louisroederer.com\/wp-content\/uploads\/2026\/01\/Phan-Quang-\u00a9-Phan-Quang-169x300.jpg 169w, https:\/\/www.fondation-louisroederer.com\/wp-content\/uploads\/2026\/01\/Phan-Quang-\u00a9-Phan-Quang-576x1024.jpg 576w, https:\/\/www.fondation-louisroederer.com\/wp-content\/uploads\/2026\/01\/Phan-Quang-\u00a9-Phan-Quang-768x1365.jpg 768w, https:\/\/www.fondation-louisroederer.com\/wp-content\/uploads\/2026\/01\/Phan-Quang-\u00a9-Phan-Quang-864x1536.jpg 864w\" sizes=\"(max-width: 1152px) 100vw, 1152px\" \/>                                                                    <p class=\"credit-txt\">\n                                        Phan Quang \u00a9 Phan Quang                                    <\/p>\n                                                            <\/div>\n                                                                                                                        <div class=\"swiper-slide\">\n                                <img decoding=\"async\" width=\"1536\" height=\"2048\" src=\"https:\/\/www.fondation-louisroederer.com\/wp-content\/uploads\/2026\/01\/Souleymane-Bachir-Diaw-\u00a9-Marc-Posso-scaled.jpg\" class=\"attachment-full size-full\" alt=\"\" srcset=\"https:\/\/www.fondation-louisroederer.com\/wp-content\/uploads\/2026\/01\/Souleymane-Bachir-Diaw-\u00a9-Marc-Posso-scaled.jpg 1536w, https:\/\/www.fondation-louisroederer.com\/wp-content\/uploads\/2026\/01\/Souleymane-Bachir-Diaw-\u00a9-Marc-Posso-225x300.jpg 225w, https:\/\/www.fondation-louisroederer.com\/wp-content\/uploads\/2026\/01\/Souleymane-Bachir-Diaw-\u00a9-Marc-Posso-768x1024.jpg 768w, https:\/\/www.fondation-louisroederer.com\/wp-content\/uploads\/2026\/01\/Souleymane-Bachir-Diaw-\u00a9-Marc-Posso-1152x1536.jpg 1152w\" sizes=\"(max-width: 1536px) 100vw, 1536px\" \/>                                                                    <p class=\"credit-txt\">\n                                        Souleymane Bachir \u00a9 Marc Posso                                    <\/p>\n                                                            <\/div>\n                                                                                                                        <div class=\"swiper-slide\">\n                                <img decoding=\"async\" width=\"1280\" height=\"961\" src=\"https:\/\/www.fondation-louisroederer.com\/wp-content\/uploads\/2026\/01\/Amira-Lamti-\u00a9-Amira-Lamti.jpeg\" class=\"attachment-full size-full\" alt=\"\" srcset=\"https:\/\/www.fondation-louisroederer.com\/wp-content\/uploads\/2026\/01\/Amira-Lamti-\u00a9-Amira-Lamti.jpeg 1280w, https:\/\/www.fondation-louisroederer.com\/wp-content\/uploads\/2026\/01\/Amira-Lamti-\u00a9-Amira-Lamti-300x225.jpeg 300w, https:\/\/www.fondation-louisroederer.com\/wp-content\/uploads\/2026\/01\/Amira-Lamti-\u00a9-Amira-Lamti-1024x769.jpeg 1024w, https:\/\/www.fondation-louisroederer.com\/wp-content\/uploads\/2026\/01\/Amira-Lamti-\u00a9-Amira-Lamti-768x577.jpeg 768w\" sizes=\"(max-width: 1280px) 100vw, 1280px\" \/>                                                                    <p class=\"credit-txt\">\n                                        Amira Lamti \u00a9 Amira Lamti                                    <\/p>\n                                                            <\/div>\n                                                                                                                        <div class=\"swiper-slide\">\n                                <img decoding=\"async\" width=\"996\" height=\"1300\" src=\"https:\/\/www.fondation-louisroederer.com\/wp-content\/uploads\/2026\/01\/Mallory-Lowe-Mpoka-\u00a9-Odeon-Davis.png\" class=\"attachment-full size-full\" alt=\"\" srcset=\"https:\/\/www.fondation-louisroederer.com\/wp-content\/uploads\/2026\/01\/Mallory-Lowe-Mpoka-\u00a9-Odeon-Davis.png 996w, https:\/\/www.fondation-louisroederer.com\/wp-content\/uploads\/2026\/01\/Mallory-Lowe-Mpoka-\u00a9-Odeon-Davis-230x300.png 230w, https:\/\/www.fondation-louisroederer.com\/wp-content\/uploads\/2026\/01\/Mallory-Lowe-Mpoka-\u00a9-Odeon-Davis-785x1024.png 785w, https:\/\/www.fondation-louisroederer.com\/wp-content\/uploads\/2026\/01\/Mallory-Lowe-Mpoka-\u00a9-Odeon-Davis-768x1002.png 768w\" sizes=\"(max-width: 996px) 100vw, 996px\" \/>                                                                    <p class=\"credit-txt\">\n                                        Mallory Lowe Mpoka \u00a9 Od\u00e9on Davis                                    <\/p>\n                                                            <\/div>\n                                                                                                                        <div class=\"swiper-slide\">\n                                <img decoding=\"async\" width=\"1638\" height=\"2048\" src=\"https:\/\/www.fondation-louisroederer.com\/wp-content\/uploads\/2026\/01\/Magali-Paulin-\u00a9-Francois-Deladerriere-scaled.jpg\" class=\"attachment-full size-full\" alt=\"\" srcset=\"https:\/\/www.fondation-louisroederer.com\/wp-content\/uploads\/2026\/01\/Magali-Paulin-\u00a9-Francois-Deladerriere-scaled.jpg 1638w, https:\/\/www.fondation-louisroederer.com\/wp-content\/uploads\/2026\/01\/Magali-Paulin-\u00a9-Francois-Deladerriere-240x300.jpg 240w, https:\/\/www.fondation-louisroederer.com\/wp-content\/uploads\/2026\/01\/Magali-Paulin-\u00a9-Francois-Deladerriere-819x1024.jpg 819w, https:\/\/www.fondation-louisroederer.com\/wp-content\/uploads\/2026\/01\/Magali-Paulin-\u00a9-Francois-Deladerriere-768x960.jpg 768w, https:\/\/www.fondation-louisroederer.com\/wp-content\/uploads\/2026\/01\/Magali-Paulin-\u00a9-Francois-Deladerriere-1229x1536.jpg 1229w\" sizes=\"(max-width: 1638px) 100vw, 1638px\" \/>                                                                    <p class=\"credit-txt\">\n                                        Magali Paulin \u00a9 Fran\u00e7ois Deladerri\u00e8re                                     <\/p>\n                                                            <\/div>\n                                                                                                                        <div class=\"swiper-slide\">\n                                <img decoding=\"async\" width=\"1703\" height=\"2048\" src=\"https:\/\/www.fondation-louisroederer.com\/wp-content\/uploads\/2026\/01\/Jordan-Beal-scaled.jpg\" class=\"attachment-full size-full\" alt=\"\" srcset=\"https:\/\/www.fondation-louisroederer.com\/wp-content\/uploads\/2026\/01\/Jordan-Beal-scaled.jpg 1703w, https:\/\/www.fondation-louisroederer.com\/wp-content\/uploads\/2026\/01\/Jordan-Beal-249x300.jpg 249w, https:\/\/www.fondation-louisroederer.com\/wp-content\/uploads\/2026\/01\/Jordan-Beal-851x1024.jpg 851w, https:\/\/www.fondation-louisroederer.com\/wp-content\/uploads\/2026\/01\/Jordan-Beal-768x924.jpg 768w, https:\/\/www.fondation-louisroederer.com\/wp-content\/uploads\/2026\/01\/Jordan-Beal-1277x1536.jpg 1277w\" sizes=\"(max-width: 1703px) 100vw, 1703px\" \/>                                                                    <p class=\"credit-txt\">\n                                        Jordan Beal \u00a9 Jordan Beal                                    <\/p>\n                                                            <\/div>\n                                                                                                                        <div class=\"swiper-slide\">\n                                <img decoding=\"async\" width=\"7815\" height=\"11146\" src=\"https:\/\/www.fondation-louisroederer.com\/wp-content\/uploads\/2026\/01\/Charlotte-Yonga-\u00a9-Raphael-Goutte.jpg\" class=\"attachment-full size-full\" alt=\"\" \/>                                                                    <p class=\"credit-txt\">\n                                        Charlotte Yonga \u00a9 Rapha\u00ebl Goutte                                    <\/p>\n                                                            <\/div>\n                                                                        <\/div>\n            <div class=\"swiper-pagination\"><\/div>\n        <\/div>\n    <\/div>\n<\/section>\n\n    <section class=\"block-titre-parag bg-white layout-pad-small-y  pb-small pt-big\">\n\n        <div class=\"container \">\n            <div class=\"layout-pad-x  center-paragraph\">\n                <div class=\"center-paragraph--inner\">\n                                    <\/div>\n\n                <div class=\"center-paragraph--inner\">\n                                                                        <div class=\"\">\n                                <p style=\"text-align: center;\">During the opening week, a jury invited will determine the <strong>Discovery Award<\/strong>, which will reward one of the 7 selected projects by an acquisition of artworks in the amount of \u20ac15,000; festival visitors will vote for the <strong>Public Award<\/strong>, which will reward one out of the seven projects by an acquisition of artworks in the amount of \u20ac5,000. The artworks will integrate the Rencontres d\u2019Arles collection.<\/p>\n                            <\/div>\n                                                                                        <\/div>\n            <\/div>\n        <\/div>\n\n\n\n    <\/section>\n\n\n  <section class=\"block-image-texte bg-white layout-pad-y \">\n                <div class=\"container\">\n        <div class=\"layout-pad-x flex-desktop \">\n          <div class=\"w-50-desktop\">\n                                          <img decoding=\"async\" width=\"1536\" height=\"1753\" src=\"https:\/\/www.fondation-louisroederer.com\/wp-content\/uploads\/2026\/01\/image002.jpg\" class=\"attachment-full size-full\" alt=\"\" srcset=\"https:\/\/www.fondation-louisroederer.com\/wp-content\/uploads\/2026\/01\/image002.jpg 1536w, https:\/\/www.fondation-louisroederer.com\/wp-content\/uploads\/2026\/01\/image002-263x300.jpg 263w, https:\/\/www.fondation-louisroederer.com\/wp-content\/uploads\/2026\/01\/image002-897x1024.jpg 897w, https:\/\/www.fondation-louisroederer.com\/wp-content\/uploads\/2026\/01\/image002-768x877.jpg 768w, https:\/\/www.fondation-louisroederer.com\/wp-content\/uploads\/2026\/01\/image002-1346x1536.jpg 1346w\" sizes=\"(max-width: 1536px) 100vw, 1536px\" \/>                                  <p class=\"credit-txt\">Nadine Hounkpatin \u00a9 Chiara Santarelli<\/p>\n                                                    <\/div>\n\n          <div class=\"w-50-desktop block-image-texte--content\">\n            <div>\n                              <h2 class=\"font-sackers font-light uppercase h2-md mb-1r\">La commissaire, Nadine Hounkpatin<\/h2>\n                                            <p>Born in Bohicon, Benin.<br \/>\nLives and works between Europe, Africa and its diasporas.<\/p>\n<p>Nadine Hounkpatin\u2019s curatorial practice focuses on the historical and artistic narratives of the \u2018Tout-Monde\u2019 (Whole World), their circulation and their memories. Co-founder of <em>TheArtMomentum<\/em> platform, she designs projects at the crossroads of African and international scenes. Her collaborative practice aims to write a more inclusive and decentralised history of art, in dialogue with contemporary realities. Since 2021, she has been directing the touring exhibition <em>Memoria: r\u00e9cits d\u2019une autre Histoire<\/em> (Memoria: narratives of another History), a pioneering exhibition dedicated to women artists from Africa and the diasporas, initially presented at the FRAC Nouvelle-Aquitaine M\u00c9CA, then in Abidjan (Ivory Coast), Yaound\u00e9 (Cameroon) and Antananarivo (Madagascar). She lectures at Paris 1 Panth\u00e9on-Sorbonne University and sits on award juries (MEP \u00d7 Collection Leridon \u00d7 Cit\u00e9 internationale des arts, Prix pour la Photographie du mus\u00e9e du quai Branly \u2013 Jacques Chirac Photography Prize, 2025), assisted in the selection of the first winners of the Herm\u00e8s Foundation\u2019s \u2018Latitudes\u2019 programme, in partnership with the Henri Cartier-Bresson Foundation and the International Center of Photography, and provides curatorial support to artist-researchers in the \u2018R\u00e9sonance\u2019 residency programme, IF Nigeria \u00d7 Cit\u00e9 internationale des arts \u00d7 ART X Lagos.<\/p>\n                                        <\/div>\n\n          <\/div>\n        <\/div>\n\n      <\/div>\n\n    \n  <\/section>\n\n\n  <section class=\"block-image-texte bg-white layout-pad-y \">\n                <div class=\"container\">\n        <div class=\"layout-pad-x flex-desktop row-reverse\">\n          <div class=\"w-50-desktop\">\n                                          <img decoding=\"async\" width=\"2560\" height=\"1707\" src=\"https:\/\/www.fondation-louisroederer.com\/wp-content\/uploads\/2025\/02\/Le_Corre_Lisa1-scaled.jpg\" class=\"attachment-full size-full\" alt=\"fondation-louis-roederer-les-rencontres-d-arles-exposition-copyright-lisa-le-corre\" srcset=\"https:\/\/www.fondation-louisroederer.com\/wp-content\/uploads\/2025\/02\/Le_Corre_Lisa1-scaled.jpg 2560w, https:\/\/www.fondation-louisroederer.com\/wp-content\/uploads\/2025\/02\/Le_Corre_Lisa1-300x200.jpg 300w, https:\/\/www.fondation-louisroederer.com\/wp-content\/uploads\/2025\/02\/Le_Corre_Lisa1-1024x683.jpg 1024w, https:\/\/www.fondation-louisroederer.com\/wp-content\/uploads\/2025\/02\/Le_Corre_Lisa1-768x512.jpg 768w, https:\/\/www.fondation-louisroederer.com\/wp-content\/uploads\/2025\/02\/Le_Corre_Lisa1-1536x1024.jpg 1536w, https:\/\/www.fondation-louisroederer.com\/wp-content\/uploads\/2025\/02\/Le_Corre_Lisa1-2048x1365.jpg 2048w\" sizes=\"(max-width: 2560px) 100vw, 2560px\" \/>                                  <p class=\"credit-txt\">\u00a9 Le Corre Lisa<\/p>\n                                                    <\/div>\n\n          <div class=\"w-50-desktop block-image-texte--content\">\n            <div>\n                              <h2 class=\"font-sackers font-light uppercase h2-md mb-1r\">The Rencontres d\u2019Arles<\/h2>\n                                            <p>In 2018, the Louis Roederer Foundation became a patron of the Discovery Award, created by the Rencontres d&#8217;Arles, which encourages young creativity.<\/p>\n                                            <a class=\" button button-dark\" type=\"button\" href=\"https:\/\/www.fondation-louisroederer.com\/en\/page-institution\/the-rencontres-darles\/\" target=\"_self\">\n                  <span class=\"text-wrapper\">\n                    <span class=\"button-inner\">\n                      Discover more                    <\/span>\n                    <span class=\"button-inner\">\n                      Discover more                    <\/span>\n                  <\/span>\n                <\/a>\n                          <\/div>\n\n          <\/div>\n        <\/div>\n\n      <\/div>\n\n    \n  <\/section>\n\n\n\n<p><\/p>\n","protected":false},"excerpt":{"rendered":"","protected":false},"author":8,"featured_media":2630,"comment_status":"closed","ping_status":"closed","sticky":false,"template":"","format":"standard","meta":{"_acf_changed":false,"footnotes":""},"categories":[1],"tags":[],"annee":[],"class_list":["post-6890","post","type-post","status-publish","format-standard","has-post-thumbnail","hentry","category-non-classifiee"],"acf":[],"yoast_head":"<!-- This site is optimized with the Yoast SEO plugin v26.9 - https:\/\/yoast.com\/product\/yoast-seo-wordpress\/ -->\n<title>Louis Roederer Foundation Discovery Award 2026 - Fondation Louis Roederer<\/title>\n<meta name=\"description\" content=\"Since 2018, the Louis Roederer Foundation has been supporting the emergence of new perspectives in photography through the Discovery Award of the Rencontres d\u2019Arles that involves galleries, art centers, associative spaces and institutions who can submit a project by an artist whose work deserves to be discovered.\" \/>\n<meta name=\"robots\" content=\"index, follow, max-snippet:-1, max-image-preview:large, max-video-preview:-1\" \/>\n<link rel=\"canonical\" href=\"https:\/\/www.fondation-louisroederer.com\/en\/prix-decouverte-fondation-louis-roederer-2026\/\" \/>\n<meta property=\"og:locale\" content=\"en_US\" \/>\n<meta property=\"og:type\" content=\"article\" \/>\n<meta property=\"og:title\" content=\"Louis Roederer Foundation Discovery Award 2026 - Fondation Louis Roederer\" \/>\n<meta property=\"og:description\" content=\"Since 2018, the Louis Roederer Foundation has been supporting the emergence of new perspectives in photography through the Discovery Award of the Rencontres d\u2019Arles that involves galleries, art centers, associative spaces and institutions who can submit a project by an artist whose work deserves to be discovered.\" \/>\n<meta property=\"og:url\" content=\"https:\/\/www.fondation-louisroederer.com\/en\/prix-decouverte-fondation-louis-roederer-2026\/\" \/>\n<meta property=\"og:site_name\" content=\"Fondation Louis Roederer\" \/>\n<meta property=\"article:published_time\" content=\"2026-01-27T13:44:46+00:00\" \/>\n<meta property=\"article:modified_time\" content=\"2026-02-03T09:06:28+00:00\" \/>\n<meta property=\"og:image\" content=\"https:\/\/www.fondation-louisroederer.com\/wp-content\/uploads\/2025\/02\/Le_Corre_Lisa1-scaled.jpg\" \/>\n\t<meta property=\"og:image:width\" content=\"2560\" \/>\n\t<meta property=\"og:image:height\" content=\"1707\" \/>\n\t<meta property=\"og:image:type\" content=\"image\/jpeg\" \/>\n<meta name=\"author\" content=\"Camille Hellegouarch\" \/>\n<meta name=\"twitter:card\" content=\"summary_large_image\" \/>\n<meta name=\"twitter:label1\" content=\"Written by\" \/>\n\t<meta name=\"twitter:data1\" content=\"Camille Hellegouarch\" \/>\n\t<meta name=\"twitter:label2\" content=\"Est. reading time\" \/>\n\t<meta name=\"twitter:data2\" content=\"1 minute\" \/>\n<script type=\"application\/ld+json\" class=\"yoast-schema-graph\">{\"@context\":\"https:\/\/schema.org\",\"@graph\":[{\"@type\":\"Article\",\"@id\":\"https:\/\/www.fondation-louisroederer.com\/en\/prix-decouverte-fondation-louis-roederer-2026\/#article\",\"isPartOf\":{\"@id\":\"https:\/\/www.fondation-louisroederer.com\/en\/prix-decouverte-fondation-louis-roederer-2026\/\"},\"author\":{\"name\":\"Camille Hellegouarch\",\"@id\":\"https:\/\/www.fondation-louisroederer.com\/en\/#\/schema\/person\/7d249e1050bb1d5f301db17cdbb7dcba\"},\"headline\":\"Louis Roederer Foundation Discovery Award 2026\",\"datePublished\":\"2026-01-27T13:44:46+00:00\",\"dateModified\":\"2026-02-03T09:06:28+00:00\",\"mainEntityOfPage\":{\"@id\":\"https:\/\/www.fondation-louisroederer.com\/en\/prix-decouverte-fondation-louis-roederer-2026\/\"},\"wordCount\":5,\"publisher\":{\"@id\":\"https:\/\/www.fondation-louisroederer.com\/en\/#organization\"},\"image\":{\"@id\":\"https:\/\/www.fondation-louisroederer.com\/en\/prix-decouverte-fondation-louis-roederer-2026\/#primaryimage\"},\"thumbnailUrl\":\"https:\/\/www.fondation-louisroederer.com\/wp-content\/uploads\/2025\/02\/Le_Corre_Lisa1-scaled.jpg\",\"articleSection\":[\"Non classifi\u00e9(e)\"],\"inLanguage\":\"en-US\"},{\"@type\":\"WebPage\",\"@id\":\"https:\/\/www.fondation-louisroederer.com\/en\/prix-decouverte-fondation-louis-roederer-2026\/\",\"url\":\"https:\/\/www.fondation-louisroederer.com\/en\/prix-decouverte-fondation-louis-roederer-2026\/\",\"name\":\"Louis Roederer Foundation Discovery Award 2026 - Fondation Louis Roederer\",\"isPartOf\":{\"@id\":\"https:\/\/www.fondation-louisroederer.com\/en\/#website\"},\"primaryImageOfPage\":{\"@id\":\"https:\/\/www.fondation-louisroederer.com\/en\/prix-decouverte-fondation-louis-roederer-2026\/#primaryimage\"},\"image\":{\"@id\":\"https:\/\/www.fondation-louisroederer.com\/en\/prix-decouverte-fondation-louis-roederer-2026\/#primaryimage\"},\"thumbnailUrl\":\"https:\/\/www.fondation-louisroederer.com\/wp-content\/uploads\/2025\/02\/Le_Corre_Lisa1-scaled.jpg\",\"datePublished\":\"2026-01-27T13:44:46+00:00\",\"dateModified\":\"2026-02-03T09:06:28+00:00\",\"description\":\"Since 2018, the Louis Roederer Foundation has been supporting the emergence of new perspectives in photography through the Discovery Award of the Rencontres d\u2019Arles that involves galleries, art centers, associative spaces and institutions who can submit a project by an artist whose work deserves to be discovered.\",\"breadcrumb\":{\"@id\":\"https:\/\/www.fondation-louisroederer.com\/en\/prix-decouverte-fondation-louis-roederer-2026\/#breadcrumb\"},\"inLanguage\":\"en-US\",\"potentialAction\":[{\"@type\":\"ReadAction\",\"target\":[\"https:\/\/www.fondation-louisroederer.com\/en\/prix-decouverte-fondation-louis-roederer-2026\/\"]}]},{\"@type\":\"ImageObject\",\"inLanguage\":\"en-US\",\"@id\":\"https:\/\/www.fondation-louisroederer.com\/en\/prix-decouverte-fondation-louis-roederer-2026\/#primaryimage\",\"url\":\"https:\/\/www.fondation-louisroederer.com\/wp-content\/uploads\/2025\/02\/Le_Corre_Lisa1-scaled.jpg\",\"contentUrl\":\"https:\/\/www.fondation-louisroederer.com\/wp-content\/uploads\/2025\/02\/Le_Corre_Lisa1-scaled.jpg\",\"width\":2560,\"height\":1707,\"caption\":\"Expositions Les Rencontres de la photographie, \u00e0 Arles\"},{\"@type\":\"BreadcrumbList\",\"@id\":\"https:\/\/www.fondation-louisroederer.com\/en\/prix-decouverte-fondation-louis-roederer-2026\/#breadcrumb\",\"itemListElement\":[{\"@type\":\"ListItem\",\"position\":1,\"name\":\"Home\",\"item\":\"https:\/\/www.fondation-louisroederer.com\/en\/\"},{\"@type\":\"ListItem\",\"position\":2,\"name\":\"Louis Roederer Foundation Discovery Award 2026\"}]},{\"@type\":\"WebSite\",\"@id\":\"https:\/\/www.fondation-louisroederer.com\/en\/#website\",\"url\":\"https:\/\/www.fondation-louisroederer.com\/en\/\",\"name\":\"Fondation Louis Roederer\",\"description\":\"\",\"publisher\":{\"@id\":\"https:\/\/www.fondation-louisroederer.com\/en\/#organization\"},\"potentialAction\":[{\"@type\":\"SearchAction\",\"target\":{\"@type\":\"EntryPoint\",\"urlTemplate\":\"https:\/\/www.fondation-louisroederer.com\/en\/?s={search_term_string}\"},\"query-input\":{\"@type\":\"PropertyValueSpecification\",\"valueRequired\":true,\"valueName\":\"search_term_string\"}}],\"inLanguage\":\"en-US\"},{\"@type\":\"Organization\",\"@id\":\"https:\/\/www.fondation-louisroederer.com\/en\/#organization\",\"name\":\"Fondation Louis Roederer\",\"url\":\"https:\/\/www.fondation-louisroederer.com\/en\/\",\"logo\":{\"@type\":\"ImageObject\",\"inLanguage\":\"en-US\",\"@id\":\"https:\/\/www.fondation-louisroederer.com\/en\/#\/schema\/logo\/image\/\",\"url\":\"https:\/\/www.fondation-louisroederer.com\/wp-content\/uploads\/2024\/10\/logo.svg\",\"contentUrl\":\"https:\/\/www.fondation-louisroederer.com\/wp-content\/uploads\/2024\/10\/logo.svg\",\"width\":301,\"height\":72,\"caption\":\"Fondation Louis Roederer\"},\"image\":{\"@id\":\"https:\/\/www.fondation-louisroederer.com\/en\/#\/schema\/logo\/image\/\"}},{\"@type\":\"Person\",\"@id\":\"https:\/\/www.fondation-louisroederer.com\/en\/#\/schema\/person\/7d249e1050bb1d5f301db17cdbb7dcba\",\"name\":\"Camille Hellegouarch\",\"image\":{\"@type\":\"ImageObject\",\"inLanguage\":\"en-US\",\"@id\":\"https:\/\/www.fondation-louisroederer.com\/en\/#\/schema\/person\/image\/\",\"url\":\"https:\/\/secure.gravatar.com\/avatar\/bc711eb1fc7949dfd2eacee26f55f0a1f7929cf1fcc6415c20b317546f2b9ec1?s=96&d=mm&r=g\",\"contentUrl\":\"https:\/\/secure.gravatar.com\/avatar\/bc711eb1fc7949dfd2eacee26f55f0a1f7929cf1fcc6415c20b317546f2b9ec1?s=96&d=mm&r=g\",\"caption\":\"Camille Hellegouarch\"},\"sameAs\":[\"https:\/\/flr.projet-client.com\/\"],\"url\":\"https:\/\/www.fondation-louisroederer.com\/en\/author\/camille-hellegouarch\/\"}]}<\/script>\n<!-- \/ Yoast SEO plugin. -->","yoast_head_json":{"title":"Louis Roederer Foundation Discovery Award 2026 - Fondation Louis Roederer","description":"Since 2018, the Louis Roederer Foundation has been supporting the emergence of new perspectives in photography through the Discovery Award of the Rencontres d\u2019Arles that involves galleries, art centers, associative spaces and institutions who can submit a project by an artist whose work deserves to be discovered.","robots":{"index":"index","follow":"follow","max-snippet":"max-snippet:-1","max-image-preview":"max-image-preview:large","max-video-preview":"max-video-preview:-1"},"canonical":"https:\/\/www.fondation-louisroederer.com\/en\/prix-decouverte-fondation-louis-roederer-2026\/","og_locale":"en_US","og_type":"article","og_title":"Louis Roederer Foundation Discovery Award 2026 - Fondation Louis Roederer","og_description":"Since 2018, the Louis Roederer Foundation has been supporting the emergence of new perspectives in photography through the Discovery Award of the Rencontres d\u2019Arles that involves galleries, art centers, associative spaces and institutions who can submit a project by an artist whose work deserves to be discovered.","og_url":"https:\/\/www.fondation-louisroederer.com\/en\/prix-decouverte-fondation-louis-roederer-2026\/","og_site_name":"Fondation Louis Roederer","article_published_time":"2026-01-27T13:44:46+00:00","article_modified_time":"2026-02-03T09:06:28+00:00","og_image":[{"width":2560,"height":1707,"url":"https:\/\/www.fondation-louisroederer.com\/wp-content\/uploads\/2025\/02\/Le_Corre_Lisa1-scaled.jpg","type":"image\/jpeg"}],"author":"Camille Hellegouarch","twitter_card":"summary_large_image","twitter_misc":{"Written by":"Camille Hellegouarch","Est. reading time":"1 minute"},"schema":{"@context":"https:\/\/schema.org","@graph":[{"@type":"Article","@id":"https:\/\/www.fondation-louisroederer.com\/en\/prix-decouverte-fondation-louis-roederer-2026\/#article","isPartOf":{"@id":"https:\/\/www.fondation-louisroederer.com\/en\/prix-decouverte-fondation-louis-roederer-2026\/"},"author":{"name":"Camille Hellegouarch","@id":"https:\/\/www.fondation-louisroederer.com\/en\/#\/schema\/person\/7d249e1050bb1d5f301db17cdbb7dcba"},"headline":"Louis Roederer Foundation Discovery Award 2026","datePublished":"2026-01-27T13:44:46+00:00","dateModified":"2026-02-03T09:06:28+00:00","mainEntityOfPage":{"@id":"https:\/\/www.fondation-louisroederer.com\/en\/prix-decouverte-fondation-louis-roederer-2026\/"},"wordCount":5,"publisher":{"@id":"https:\/\/www.fondation-louisroederer.com\/en\/#organization"},"image":{"@id":"https:\/\/www.fondation-louisroederer.com\/en\/prix-decouverte-fondation-louis-roederer-2026\/#primaryimage"},"thumbnailUrl":"https:\/\/www.fondation-louisroederer.com\/wp-content\/uploads\/2025\/02\/Le_Corre_Lisa1-scaled.jpg","articleSection":["Non classifi\u00e9(e)"],"inLanguage":"en-US"},{"@type":"WebPage","@id":"https:\/\/www.fondation-louisroederer.com\/en\/prix-decouverte-fondation-louis-roederer-2026\/","url":"https:\/\/www.fondation-louisroederer.com\/en\/prix-decouverte-fondation-louis-roederer-2026\/","name":"Louis Roederer Foundation Discovery Award 2026 - Fondation Louis Roederer","isPartOf":{"@id":"https:\/\/www.fondation-louisroederer.com\/en\/#website"},"primaryImageOfPage":{"@id":"https:\/\/www.fondation-louisroederer.com\/en\/prix-decouverte-fondation-louis-roederer-2026\/#primaryimage"},"image":{"@id":"https:\/\/www.fondation-louisroederer.com\/en\/prix-decouverte-fondation-louis-roederer-2026\/#primaryimage"},"thumbnailUrl":"https:\/\/www.fondation-louisroederer.com\/wp-content\/uploads\/2025\/02\/Le_Corre_Lisa1-scaled.jpg","datePublished":"2026-01-27T13:44:46+00:00","dateModified":"2026-02-03T09:06:28+00:00","description":"Since 2018, the Louis Roederer Foundation has been supporting the emergence of new perspectives in photography through the Discovery Award of the Rencontres d\u2019Arles that involves galleries, art centers, associative spaces and institutions who can submit a project by an artist whose work deserves to be discovered.","breadcrumb":{"@id":"https:\/\/www.fondation-louisroederer.com\/en\/prix-decouverte-fondation-louis-roederer-2026\/#breadcrumb"},"inLanguage":"en-US","potentialAction":[{"@type":"ReadAction","target":["https:\/\/www.fondation-louisroederer.com\/en\/prix-decouverte-fondation-louis-roederer-2026\/"]}]},{"@type":"ImageObject","inLanguage":"en-US","@id":"https:\/\/www.fondation-louisroederer.com\/en\/prix-decouverte-fondation-louis-roederer-2026\/#primaryimage","url":"https:\/\/www.fondation-louisroederer.com\/wp-content\/uploads\/2025\/02\/Le_Corre_Lisa1-scaled.jpg","contentUrl":"https:\/\/www.fondation-louisroederer.com\/wp-content\/uploads\/2025\/02\/Le_Corre_Lisa1-scaled.jpg","width":2560,"height":1707,"caption":"Expositions Les Rencontres de la photographie, \u00e0 Arles"},{"@type":"BreadcrumbList","@id":"https:\/\/www.fondation-louisroederer.com\/en\/prix-decouverte-fondation-louis-roederer-2026\/#breadcrumb","itemListElement":[{"@type":"ListItem","position":1,"name":"Home","item":"https:\/\/www.fondation-louisroederer.com\/en\/"},{"@type":"ListItem","position":2,"name":"Louis Roederer Foundation Discovery Award 2026"}]},{"@type":"WebSite","@id":"https:\/\/www.fondation-louisroederer.com\/en\/#website","url":"https:\/\/www.fondation-louisroederer.com\/en\/","name":"Fondation Louis Roederer","description":"","publisher":{"@id":"https:\/\/www.fondation-louisroederer.com\/en\/#organization"},"potentialAction":[{"@type":"SearchAction","target":{"@type":"EntryPoint","urlTemplate":"https:\/\/www.fondation-louisroederer.com\/en\/?s={search_term_string}"},"query-input":{"@type":"PropertyValueSpecification","valueRequired":true,"valueName":"search_term_string"}}],"inLanguage":"en-US"},{"@type":"Organization","@id":"https:\/\/www.fondation-louisroederer.com\/en\/#organization","name":"Fondation Louis Roederer","url":"https:\/\/www.fondation-louisroederer.com\/en\/","logo":{"@type":"ImageObject","inLanguage":"en-US","@id":"https:\/\/www.fondation-louisroederer.com\/en\/#\/schema\/logo\/image\/","url":"https:\/\/www.fondation-louisroederer.com\/wp-content\/uploads\/2024\/10\/logo.svg","contentUrl":"https:\/\/www.fondation-louisroederer.com\/wp-content\/uploads\/2024\/10\/logo.svg","width":301,"height":72,"caption":"Fondation Louis Roederer"},"image":{"@id":"https:\/\/www.fondation-louisroederer.com\/en\/#\/schema\/logo\/image\/"}},{"@type":"Person","@id":"https:\/\/www.fondation-louisroederer.com\/en\/#\/schema\/person\/7d249e1050bb1d5f301db17cdbb7dcba","name":"Camille Hellegouarch","image":{"@type":"ImageObject","inLanguage":"en-US","@id":"https:\/\/www.fondation-louisroederer.com\/en\/#\/schema\/person\/image\/","url":"https:\/\/secure.gravatar.com\/avatar\/bc711eb1fc7949dfd2eacee26f55f0a1f7929cf1fcc6415c20b317546f2b9ec1?s=96&d=mm&r=g","contentUrl":"https:\/\/secure.gravatar.com\/avatar\/bc711eb1fc7949dfd2eacee26f55f0a1f7929cf1fcc6415c20b317546f2b9ec1?s=96&d=mm&r=g","caption":"Camille Hellegouarch"},"sameAs":["https:\/\/flr.projet-client.com\/"],"url":"https:\/\/www.fondation-louisroederer.com\/en\/author\/camille-hellegouarch\/"}]}},"_links":{"self":[{"href":"https:\/\/www.fondation-louisroederer.com\/en\/wp-json\/wp\/v2\/posts\/6890","targetHints":{"allow":["GET"]}}],"collection":[{"href":"https:\/\/www.fondation-louisroederer.com\/en\/wp-json\/wp\/v2\/posts"}],"about":[{"href":"https:\/\/www.fondation-louisroederer.com\/en\/wp-json\/wp\/v2\/types\/post"}],"author":[{"embeddable":true,"href":"https:\/\/www.fondation-louisroederer.com\/en\/wp-json\/wp\/v2\/users\/8"}],"replies":[{"embeddable":true,"href":"https:\/\/www.fondation-louisroederer.com\/en\/wp-json\/wp\/v2\/comments?post=6890"}],"version-history":[{"count":10,"href":"https:\/\/www.fondation-louisroederer.com\/en\/wp-json\/wp\/v2\/posts\/6890\/revisions"}],"predecessor-version":[{"id":6924,"href":"https:\/\/www.fondation-louisroederer.com\/en\/wp-json\/wp\/v2\/posts\/6890\/revisions\/6924"}],"wp:featuredmedia":[{"embeddable":true,"href":"https:\/\/www.fondation-louisroederer.com\/en\/wp-json\/wp\/v2\/media\/2630"}],"wp:attachment":[{"href":"https:\/\/www.fondation-louisroederer.com\/en\/wp-json\/wp\/v2\/media?parent=6890"}],"wp:term":[{"taxonomy":"category","embeddable":true,"href":"https:\/\/www.fondation-louisroederer.com\/en\/wp-json\/wp\/v2\/categories?post=6890"},{"taxonomy":"post_tag","embeddable":true,"href":"https:\/\/www.fondation-louisroederer.com\/en\/wp-json\/wp\/v2\/tags?post=6890"},{"taxonomy":"annee","embeddable":true,"href":"https:\/\/www.fondation-louisroederer.com\/en\/wp-json\/wp\/v2\/annee?post=6890"}],"curies":[{"name":"wp","href":"https:\/\/api.w.org\/{rel}","templated":true}]}}